{"id":1826,"date":"2023-11-03T18:43:39","date_gmt":"2023-11-03T15:43:39","guid":{"rendered":"https:\/\/mdw-moldova.org\/?p=1826"},"modified":"2023-11-09T15:21:12","modified_gmt":"2023-11-09T12:21:12","slug":"mdw-repraesenz-auf-der-exporeal-in-muenchen-4-6-okt-2023","status":"publish","type":"post","link":"https:\/\/mdw-moldova.org\/ro\/2023\/11\/mdw-repraesenz-auf-der-exporeal-in-muenchen-4-6-okt-2023\/","title":{"rendered":"MDW-Pr\u00e4senz auf der EXPOREAL in M\u00fcnchen, 4.-6. Okt. 2023"},"content":{"rendered":"<p>Vom 4. bis 6.10.2023 fand wieder die gr\u00f6\u00dfte Immobilienmesse Europas in M\u00fcnchen statt, die EXPOREAL.<\/p>\n\n\n\n<p>Wie schon in den Vorjahren waren wir gebeten worden, die Investment Agentur MIA auf dem Stand zu unterst\u00fctzen. Das haben wir, in persona unseres Aufsichtsratspr\u00e4sidenten <a href=\"https:\/\/www.facebook.com\/franzanton.plitt?__cft__[0]=AZWkBXtklBqBPnrq3P9cpa2ZsYul7c8XOX6aaI7Qw62QjmZtMxh3AbjGG-SFnQaDMF_RjkBZrC6NrX3b5h93EAy5aTyjmfKdmXO6oF8AULePAY3QtCbZ7XsZPIzEV_ECr3On4Off_LApS-9ncS8GW36x&amp;__tn__=-]K-R\">Franz-Anton Plitt<\/a>, wieder gerne getan.<\/p>\n\n\n\n<p>Die Veranstaltung trug wieder erheblich zur innermoldauischen Netzwerkausbau bei. Gegenw\u00e4rtig war u.a. der Staatssekret\u00e4r im Wirtschaftsministerium, Viorel Garaz, anwesend.<\/p>\n\n\n\n<p>In Vorbereitung wurde auch eine Internetseite <a href=\"https:\/\/l.facebook.com\/l.php?u=http%3A%2F%2Fwww.immobilien-in-moldova.de%2F%3Ffbclid%3DIwAR0X3bxLA7paGjQeNkMBu9ORFkc-mLfFMc1o6axGWU5czqDr_xrZ2Q8ADQg&amp;h=AT0OORkfWjJSLc7cfBWP8ElSuhhMBW6CxapiLTSAoBK1-zEetO7r-HWLEejB62Yu-hJNxUVe4-HE6AShpNPUaDkDdmCzkyKOUN56sMXzdJLQu_t_xizLaigyxP0k960b5g&amp;__tn__=-UK-R&amp;c[0]=AT1nTX5wqmhF6N1DIb-_b7OUhW5R811gvqIJHP_4FSdD-n6WJV7EwHvE26wWLwqi7ePmIGm_44neGvV5pBAAfe1Z94FFQmucMAPYZavzfNWO6IEgR4AvhtLcimGDvVBYpOA_TaepRUYmI2OfbzYgOGThf0TFE_tTKq0KZdNalcEr6nmo-g\" rel=\"noreferrer noopener\" target=\"_blank\">www.immobilien-in-moldova.de<\/a> erstellt, auf dem nun Informationen in deutscher Sprache sowie Investitionsm\u00f6glichkeiten gezeigt werden.<\/p>\n\n\n\n<p> <\/p>\n\n\n\n<p><\/p>\n\n\n\n<p><\/p>\n\n\n\n<div style=\"width:100%\"><div class=\"wd_error\"><p><strong>Nu exist\u0103 nici o galerie selectat sau galeria a fost \u0219ters.<\/strong><\/p><\/div><\/div>","protected":false},"excerpt":{"rendered":"<p>Vom 4. bis 6.10.2023 fand wieder die gr\u00f6\u00dfte Immobilienmesse Europas in M\u00fcnchen statt, die EXPOREAL. Wie schon in den Vorjahren waren wir gebeten worden, die Investment<span class=\"excerpt-hellip\"> [\u2026]<\/span><\/p>","protected":false},"author":4,"featured_media":1828,"comment_status":"closed","ping_status":"open","sticky":false,"template":"","format":"standard","meta":{"footnotes":""},"categories":[14],"tags":[],"class_list":["post-1826","post","type-post","status-publish","format-standard","has-post-thumbnail","hentry","category-aktivitaeten-mdw-mitglieder"],"publishpress_future_action":{"enabled":false,"date":"2026-05-08 13:06:02","action":"change-status","newStatus":"draft","terms":[],"taxonomy":"category","extraData":[]},"publishpress_future_workflow_manual_trigger":{"enabledWorkflows":[]},"_links":{"self":[{"href":"https:\/\/mdw-moldova.org\/ro\/wp-json\/wp\/v2\/posts\/1826","targetHints":{"allow":["GET"]}}],"collection":[{"href":"https:\/\/mdw-moldova.org\/ro\/wp-json\/wp\/v2\/posts"}],"about":[{"href":"https:\/\/mdw-moldova.org\/ro\/wp-json\/wp\/v2\/types\/post"}],"author":[{"embeddable":true,"href":"https:\/\/mdw-moldova.org\/ro\/wp-json\/wp\/v2\/users\/4"}],"replies":[{"embeddable":true,"href":"https:\/\/mdw-moldova.org\/ro\/wp-json\/wp\/v2\/comments?post=1826"}],"version-history":[{"count":3,"href":"https:\/\/mdw-moldova.org\/ro\/wp-json\/wp\/v2\/posts\/1826\/revisions"}],"predecessor-version":[{"id":1850,"href":"https:\/\/mdw-moldova.org\/ro\/wp-json\/wp\/v2\/posts\/1826\/revisions\/1850"}],"wp:featuredmedia":[{"embeddable":true,"href":"https:\/\/mdw-moldova.org\/ro\/wp-json\/wp\/v2\/media\/1828"}],"wp:attachment":[{"href":"https:\/\/mdw-moldova.org\/ro\/wp-json\/wp\/v2\/media?parent=1826"}],"wp:term":[{"taxonomy":"category","embeddable":true,"href":"https:\/\/mdw-moldova.org\/ro\/wp-json\/wp\/v2\/categories?post=1826"},{"taxonomy":"post_tag","embeddable":true,"href":"https:\/\/mdw-moldova.org\/ro\/wp-json\/wp\/v2\/tags?post=1826"}],"curies":[{"name":"wp","href":"https:\/\/api.w.org\/{rel}","templated":true}]}}