{"id":1834,"date":"2023-11-06T12:24:49","date_gmt":"2023-11-06T09:24:49","guid":{"rendered":"https:\/\/mdw-moldova.org\/?p=1834"},"modified":"2023-11-06T12:26:01","modified_gmt":"2023-11-06T09:26:01","slug":"kommunalwahlen-in-moldova-vom-5-nov","status":"publish","type":"post","link":"https:\/\/mdw-moldova.org\/ro\/2023\/11\/kommunalwahlen-in-moldova-vom-5-nov\/","title":{"rendered":"Kommunalwahlen in Moldova vom 5. Nov. 2023 _ Chisinaus B\u00fcrgermeister Ceban gewinnt in erster Runde"},"content":{"rendered":"<p>Am 5. November waren die Moldauer aufgerufen, \u00fcber knapp 900 B\u00fcrgermeister-Sitze und Gemeinder\u00e4te zu entscheiden. Ion Ceban (MAN), der seit vier Jahren B\u00fcrgermeister in der Hauptstadt Chisinau ist, konnte sich im ersten Wahlgang mit gut 50% der Stimmen durchsitzen und wir weitere vier Jahre im Amt bleiben. Damit folgt Chisinau einer l\u00e4ngeren Tradition, einen B\u00fcrgermeister zu w\u00e4hlen, der in Opposition zur Regierungspartei steht. F\u00fcr uns vom MDW interessant: Seine Partei will verst\u00e4rkt InvestorInnen nach Chisinau holen:<br>https:\/\/www.ipn.md\/en\/man-wants-to-attract-investments-to-chisinau-by-creating-100-8012_1100517.html<\/p>\n\n\n\n<p>Im Allgemeinen geht die Regierungspartei PAS gest\u00e4rkt hervor. \u00dcber 240 Rath\u00e4user vor allem im Zentrum des Landes wurden im ersten Wahlgang gewonnen. Dies spricht im Angesicht der hybriden Bedrohungslage aus Russland f\u00fcr Stabilit\u00e4t und eine generelle Zustimmung zum Regierungskurs in Richtung EU.<\/p>\n\n\n\n<p>Im n\u00e4chsten kommt dann die Pr\u00e4sidentschaftswahl, in der Maia Sandu wiedergew\u00e4hlt werden m\u00f6chte und ein Jahr drauf, im Sommer 2025 ist dann die wichtige Parlamentswahl. Analysten sprechen davon, dass wenn diese beiden Wahlen von Sandu und der PAS-Partei gewonnen wird, dann ist der Weg in die EU unumkehrbar.<\/p>\n\n\n\n<p>Mehr aktuelle Infos auf Englisch finden Sie z.B. hier:<\/p>\n\n\n\n<p><\/p>\n\n\n\n<p><a href=\"https:\/\/www.ipn.md\/en\">https:\/\/www.ipn.md\/en<\/a><\/p>","protected":false},"excerpt":{"rendered":"<p>Am 5. November waren die Moldauer aufgerufen, \u00fcber knapp 900 B\u00fcrgermeister-Sitze und Gemeinder\u00e4te zu entscheiden. Ion Ceban (MAN), der seit vier Jahren B\u00fcrgermeister in der Hauptstadt<span class=\"excerpt-hellip\"> [\u2026]<\/span><\/p>","protected":false},"author":4,"featured_media":0,"comment_status":"closed","ping_status":"open","sticky":false,"template":"","format":"standard","meta":{"footnotes":""},"categories":[19],"tags":[],"class_list":["post-1834","post","type-post","status-publish","format-standard","hentry","category-artikel-uber-moldova"],"publishpress_future_action":{"enabled":false,"date":"2026-05-08 17:00:02","action":"change-status","newStatus":"draft","terms":[],"taxonomy":"category","extraData":[]},"publishpress_future_workflow_manual_trigger":{"enabledWorkflows":[]},"_links":{"self":[{"href":"https:\/\/mdw-moldova.org\/ro\/wp-json\/wp\/v2\/posts\/1834","targetHints":{"allow":["GET"]}}],"collection":[{"href":"https:\/\/mdw-moldova.org\/ro\/wp-json\/wp\/v2\/posts"}],"about":[{"href":"https:\/\/mdw-moldova.org\/ro\/wp-json\/wp\/v2\/types\/post"}],"author":[{"embeddable":true,"href":"https:\/\/mdw-moldova.org\/ro\/wp-json\/wp\/v2\/users\/4"}],"replies":[{"embeddable":true,"href":"https:\/\/mdw-moldova.org\/ro\/wp-json\/wp\/v2\/comments?post=1834"}],"version-history":[{"count":2,"href":"https:\/\/mdw-moldova.org\/ro\/wp-json\/wp\/v2\/posts\/1834\/revisions"}],"predecessor-version":[{"id":1836,"href":"https:\/\/mdw-moldova.org\/ro\/wp-json\/wp\/v2\/posts\/1834\/revisions\/1836"}],"wp:attachment":[{"href":"https:\/\/mdw-moldova.org\/ro\/wp-json\/wp\/v2\/media?parent=1834"}],"wp:term":[{"taxonomy":"category","embeddable":true,"href":"https:\/\/mdw-moldova.org\/ro\/wp-json\/wp\/v2\/categories?post=1834"},{"taxonomy":"post_tag","embeddable":true,"href":"https:\/\/mdw-moldova.org\/ro\/wp-json\/wp\/v2\/tags?post=1834"}],"curies":[{"name":"wp","href":"https:\/\/api.w.org\/{rel}","templated":true}]}}