{"id":2028,"date":"2024-04-04T11:45:33","date_gmt":"2024-04-04T08:45:33","guid":{"rendered":"https:\/\/mdw-moldova.org\/?p=2028"},"modified":"2024-04-04T11:45:34","modified_gmt":"2024-04-04T08:45:34","slug":"mdw-auf-der-messe-embedded-world-in-nuernberg-9-11-april-2024","status":"publish","type":"post","link":"https:\/\/mdw-moldova.org\/ro\/2024\/04\/mdw-auf-der-messe-embedded-world-in-nuernberg-9-11-april-2024\/","title":{"rendered":"MDW auf der Messe &#8222;Embedded World&#8220; in N\u00fcrnberg, 9.-11. April 2024"},"content":{"rendered":"<p>Unsere Mitglieder Franz-Anton Plitt (Innovation Seven) und Gheorghe Ghiriev (BSW Tech) vertreten in diesem Jahr den MDW auf der diesj\u00e4hrigen &#8222;Embedded World&#8220; in N\u00fcrnberg von 9.-11. April 2024. Der IT-Bereich ist gut und breit im MDW vertreten, wie man in diesem kurzen Infoclip sehen kann:<\/p>\n\n\n\n<figure class=\"wp-block-embed is-type-video is-provider-youtube wp-block-embed-youtube wp-embed-aspect-16-9 wp-has-aspect-ratio\"><div class=\"wp-block-embed__wrapper\">\n<iframe loading=\"lazy\" title=\"MDW Einladungsvideo f\u00fcr &quot;Embedded World 2024&quot;, 9.-11. April in N\u00fcrnberg\" width=\"1220\" height=\"686\" src=\"https:\/\/www.youtube.com\/embed\/0znZZxyvcXw?feature=oembed\" frameborder=\"0\" allow=\"accelerometer; autoplay; clipboard-write; encrypted-media; gyroscope; picture-in-picture; web-share\" referrerpolicy=\"strict-origin-when-cross-origin\" allowfullscreen><\/iframe>\n<\/div><\/figure>\n\n\n\n<p>Wir hoffen, durch solche Pr\u00e4senzen noch mehr Unternehmende aus deutschsprachigen L\u00e4ndern auf Moldova aufmerksam machen zu k\u00f6nnen und ihnen durch unsere Netzwerke und unser Know-How den Einstieg in das Land einfacher zu machen. Vor allem durch das IT-Park-Gesetz (siehe Erkl\u00e4rvideo verlinkt auf unserer Startseite) ist Chisinau zu einem attraktiven Ort f\u00fcr Investitionen in den IT-Sektor geworden.<\/p>\n\n\n\n<p><\/p>\n\n\n\n<p><strong>Bilder aus dem MDW-Vereinsleben<\/strong><\/p>\n\n\n<style id=\"bwg-style-0\">  #bwg_container1_0 {    display: table;\t\/*visibility: hidden;*\/  }  #bwg_container1_0 * {\t  -moz-user-select: none;\t  -khtml-user-select: none;\t  -webkit-user-select: none;\t  -ms-user-select: none;\t  user-select: none;  }  #bwg_container1_0 #bwg_container2_0 .bwg_slideshow_image_wrap_0 {\t  background-color: #FFFFFF;\t  width: 800px;\t  height: 500px;  }  #bwg_container1_0 #bwg_container2_0 .bwg_slideshow_image_0 {\t  max-width: 800px;\t  max-height: 410px;  }  #bwg_container1_0 #bwg_container2_0 .bwg_slideshow_embed_0 {    width: 800px;    height: 410px;  }  #bwg_container1_0 #bwg_container2_0 #bwg_slideshow_play_pause_0 {\t  background: transparent url(\"https:\/\/mdw-moldova.org\/wp-content\/plugins\/photo-gallery\/images\/blank.gif\") repeat scroll 0 0;  }  #bwg_container1_0 #bwg_container2_0 #bwg_slideshow_play_pause-ico_0 {    color: #1221F1;    font-size: 35px;  }  #bwg_container1_0 #bwg_container2_0 #bwg_slideshow_play_pause-ico_0:hover {\t  color: #BABABA;  }  #bwg_container1_0 #bwg_container2_0 #spider_slideshow_left_0,  #bwg_container1_0 #bwg_container2_0 #spider_slideshow_right_0 {\t  background: transparent url(\"https:\/\/mdw-moldova.org\/wp-content\/plugins\/photo-gallery\/images\/blank.gif\") repeat scroll 0 0;  }  #bwg_container1_0 #bwg_container2_0 #spider_slideshow_left-ico_0,  #bwg_container1_0 #bwg_container2_0 #spider_slideshow_right-ico_0 {\t  background-color: #FFFFFF;\t  border-radius: 20px;\t  border: 0px none #FFFFFF;\t  box-shadow: ;\t  color: #1221F1;\t  height: 37px;\t  font-size: 12px;\t  width: 37px;\t  opacity: 1.00;  }  #bwg_container1_0 #bwg_container2_0 #spider_slideshow_left-ico_0:hover,  #bwg_container1_0 #bwg_container2_0 #spider_slideshow_right-ico_0:hover {\t  color: #BABABA;  }      #spider_slideshow_left-ico_0{      left: -9999px;    }    #spider_slideshow_right-ico_0{      left: -9999px;    }      #bwg_container1_0 #bwg_container2_0 .bwg_slideshow_image_container_0 {\t  bottom: 90px;\t  width: 800px;\t  height: 500px;\t}\t#bwg_container1_0 #bwg_container2_0 .bwg_slideshow_filmstrip_container_0 {\t  display: table;\t  height: 90px;\t  width: 800px;\t  bottom: 0;  }  \/* Filmstrip dimension *\/  #bwg_container1_0 #bwg_container2_0 .bwg_slideshow_filmstrip_0 {\t  left: 20px;\t  width: 760px;\t  \/*z-index: 10106;*\/  }  #bwg_container1_0 #bwg_container2_0 .bwg_slideshow_filmstrip_thumbnails_0 {    left: 0px;    width: 4238px;    height: 90px;  }  #bwg_container1_0 #bwg_container2_0 .bwg_slideshow_filmstrip_thumbnail_0 {    width: 161px;    height: 90px;    margin: 0px 2px 0 0;    border: 0px none #000000;    border-radius: 0;  }  #bwg_container1_0 #bwg_container2_0 .bwg_slideshow_thumb_active_0 {\t  border: 0px solid #FFFFFF;  }  #bwg_container1_0 #bwg_container2_0 .bwg_slideshow_thumb_deactive_0 {    opacity: 1.00;  }  #bwg_container1_0 #bwg_container2_0 .bwg_slideshow_filmstrip_left_0,  #bwg_container1_0 #bwg_container2_0 .bwg_slideshow_filmstrip_left_disabled_0 {\t  background-color: #FFFFFF;\t  display: table-cell;\t  width: 20px;\t  left: 0;\t  \t    }  #bwg_container1_0 #bwg_container2_0 .bwg_slideshow_filmstrip_right_0,  #bwg_container1_0 #bwg_container2_0 .bwg_slideshow_filmstrip_right_disabled_0 {\t  background-color: #FFFFFF;    display: table-cell;    right: 0;\t  width: 20px;\t  \t    }  #bwg_container1_0 #bwg_container2_0 .bwg_slideshow_filmstrip_left_0 i,  #bwg_container1_0 #bwg_container2_0 .bwg_slideshow_filmstrip_right_0 i,  #bwg_container1_0 #bwg_container2_0 .bwg_slideshow_filmstrip_left_disabled_0 i,  #bwg_container1_0 #bwg_container2_0 .bwg_slideshow_filmstrip_right_disabled_0 i {\t  color: #1221F1;\t  font-size: 20px;  }  #bwg_container1_0 #bwg_container2_0 .bwg_slideshow_filmstrip_left_0 {    display: none;  }  #bwg_container1_0 #bwg_container2_0 .bwg_slideshow_filmstrip_left_disabled_0,  #bwg_container1_0 #bwg_container2_0 .bwg_slideshow_filmstrip_right_disabled_0 {    display: none;    opacity: 0.3;  }  #bwg_container1_0 #bwg_container2_0 .bwg_slideshow_filmstrip_left_disabled_0 {    display: table-cell;  }  #bwg_container1_0 #bwg_container2_0 .bwg_slideshow_watermark_spun_0 {\t  text-align: left;\t  vertical-align: bottom;  }  #bwg_container1_0 #bwg_container2_0 .bwg_slideshow_title_spun_0 {\t  text-align: left;\t  vertical-align: bottom;  }  #bwg_container1_0 #bwg_container2_0 .bwg_slideshow_description_spun_0 {\t  text-align: left;\t  vertical-align: bottom;  }  #bwg_container1_0 #bwg_container2_0 .bwg_slideshow_watermark_image_0 {\t  max-height: 90px;\t  max-width: 90px;\t  opacity: 0.30;  }  #bwg_container1_0 #bwg_container2_0 .bwg_slideshow_watermark_text_0,  #bwg_container1_0 #bwg_container2_0 .bwg_slideshow_watermark_text_0:hover {\t  text-decoration: none;\t  margin: 4px;\t  position: relative;\t  z-index: 15;  }  #bwg_container1_0 #bwg_container2_0 .bwg_slideshow_title_text_0 {\t  font-size: 8px;\t  font-family: Open Sans;\t  color: #FFFFFF !important;\t  opacity: 0.70;    border-radius: 5px;\t  background-color: #000000;\t  padding: 0px 5px 0px 5px;\t  \t\tmargin: 5px;\t  \t    }  #bwg_container1_0 #bwg_container2_0 .bwg_slideshow_description_text_0 {\t  font-size: 14px;\t  font-family: Ubuntu;\t  color: #FFFFFF !important;\t  opacity: 0.70;    border-radius: 0;\t  background-color: #000000;\t  padding: 5px 10px 5px 10px;\t    }  #bwg_container1_0 #bwg_container2_0 .bwg_slideshow_description_text_0 * {\ttext-decoration: none;\tcolor: #FFFFFF !important;  }  #bwg_container1_0 #bwg_container2_0 .bwg_slideshow_dots_0 {\t  width: 12px;\t  height: 12px;\t  border-radius: 5px;\t  background: #F2D22E;\t  margin: 3px;  }  #bwg_container1_0 #bwg_container2_0 .bwg_slideshow_dots_container_0 {\t  width: 800px;\t  bottom: 0;  }  #bwg_container1_0 #bwg_container2_0 .bwg_slideshow_dots_thumbnails_0 {\t  height: 18px;\t  width: 468px;  }  #bwg_container1_0 #bwg_container2_0 .bwg_slideshow_dots_active_0 {\t  background: #FFFFFF;\t  border: 1px solid #000000;  }  <\/style>    <div id=\"bwg_container1_0\"         class=\"bwg_container bwg_thumbnail bwg_slideshow\"         data-right-click-protection=\"0\"         data-bwg=\"0\"         data-scroll=\"0\"         data-gallery-type=\"slideshow\"         data-gallery-view-type=\"slideshow\"         data-current-url=\"\/ro\/wp-json\/wp\/v2\/posts\/2028\"         data-lightbox-url=\"https:\/\/mdw-moldova.org\/wp-admin\/admin-ajax.php?action=GalleryBox&#038;current_view=0&#038;gallery_id=7&#038;tag=0&#038;theme_id=1&#038;shortcode_id=24&#038;sort_by=order&#038;order_by=asc&#038;current_url=%2Fro%2Fwp-json%2Fwp%2Fv2%2Fposts%2F2028\"         data-gallery-id=\"7\"         data-popup-width=\"800\"         data-popup-height=\"500\"         data-is-album=\"gallery\"         data-buttons-position=\"bottom\">      <div id=\"bwg_container2_0\">             <div id=\"ajax_loading_0\" class=\"bwg_loading_div_1\">      <div class=\"bwg_loading_div_2\">        <div class=\"bwg_loading_div_3\">          <div id=\"loading_div_0\" class=\"bwg_spider_ajax_loading\">          <\/div>        <\/div>      <\/div>    <\/div>            <form id=\"gal_front_form_0\"              class=\"bwg-hidden\"              method=\"post\"              action=\"#\"              data-current=\"0\"              data-shortcode-id=\"24\"              data-gallery-type=\"slideshow\"              data-gallery-id=\"7\"              data-tag=\"0\"              data-album-id=\"0\"              data-theme-id=\"1\"              data-ajax-url=\"https:\/\/mdw-moldova.org\/wp-admin\/admin-ajax.php?action=bwg_frontend_data\" data-trp-original-action=\"#\">          <div id=\"bwg_container3_0\" class=\"bwg-background bwg-background-0\">              <div class=\"bwg_slideshow_image_wrap_0 bwg-slideshow-images-wrapper bwg-container\"       data-bwg=\"0\"       data-lightbox-url=\"https:\/\/mdw-moldova.org\/wp-admin\/admin-ajax.php?action=GalleryBox&#038;current_view=0&#038;gallery_id=7&#038;tag=0&#038;theme_id=1&#038;shortcode_id=24&#038;sort_by=order&#038;order_by=asc&#038;current_url=%2Fro%2Fwp-json%2Fwp%2Fv2%2Fposts%2F2028\">          <div class=\"bwg_slideshow_filmstrip_container_0\">        <div class=\"bwg_slideshow_filmstrip_left_0\">          <i class=\"bwg-icon-angle-left\"><\/i>        <\/div>        <div class=\"bwg_slideshow_filmstrip_left_disabled_0\">          <i class=\"bwg-icon-angle-left\"><\/i>        <\/div>        <div class=\"bwg_slideshow_filmstrip_0 bwg_slideshow_filmstrip\">          <div class=\"bwg_slideshow_filmstrip_thumbnails_0\">                          <div id=\"bwg_filmstrip_thumbnail_0_0\"                class=\"bwg_slideshow_filmstrip_thumbnail_0 bwg_slideshow_thumb_active_0\"                data-style=\"width:161px; height:90px;\">                <img decoding=\"async\" class=\"bwg_filmstrip_thumbnail_img bwg_slideshow_filmstrip_thumbnail_img_0\"                  style=\"width:161px; height:214.66666666667px; margin-left: 0px; margin-top: -62.333333333333px;\"                  data-style=\"width:161px; height:214.66666666667px; margin-left: 0px; margin-top: -62.333333333333px;\"                  src=\"https:\/\/mdw-moldova.org\/wp-content\/uploads\/photo-gallery\/thumb\/WhatsApp-Bild-2024-01-17-um-22.42.02_db75a02b.jpg?bwg=1707857956\"                  data-src=\"https:\/\/mdw-moldova.org\/wp-content\/uploads\/photo-gallery\/thumb\/WhatsApp-Bild-2024-01-17-um-22.42.02_db75a02b.jpg?bwg=1707857956\"                  onclick=\"bwg_change_image(parseInt(jQuery('#bwg_current_image_key_0').val()), '0', '', '', '0')\"                  image_id=\"32\"                  image_key=\"0\"                  alt=\"Jan 2024 - MDW wird Mitglied beim Deutsch-Moldauischen Forum\"                  title=\"Jan 2024 - MDW wird Mitglied beim Deutsch-Moldauischen Forum\" \/>              <\/div>                            <div id=\"bwg_filmstrip_thumbnail_1_0\"                class=\"bwg_slideshow_filmstrip_thumbnail_0 bwg_slideshow_thumb_deactive_0\"                data-style=\"width:161px; height:90px;\">                <img decoding=\"async\" class=\"bwg_filmstrip_thumbnail_img bwg_slideshow_filmstrip_thumbnail_img_0\"                  style=\"width:161px; height:120.75px; margin-left: 0px; margin-top: -15.375px;\"                  data-style=\"width:161px; height:120.75px; margin-left: 0px; margin-top: -15.375px;\"                  src=\"https:\/\/mdw-moldova.org\/wp-content\/uploads\/photo-gallery\/thumb\/Viber-Bild_2023-11-03_12-52-09-668.jpg?bwg=1707857956\"                  data-src=\"https:\/\/mdw-moldova.org\/wp-content\/uploads\/photo-gallery\/thumb\/Viber-Bild_2023-11-03_12-52-09-668.jpg?bwg=1707857956\"                  onclick=\"bwg_change_image(parseInt(jQuery('#bwg_current_image_key_0').val()), '1', '', '', '0')\"                  image_id=\"33\"                  image_key=\"1\"                  alt=\"Nov 2023 - Energiebesichtigung bei Grip, hier: Dachsolaranlage\"                  title=\"Nov 2023 - Energiebesichtigung bei Grip, hier: Dachsolaranlage\" \/>              <\/div>                            <div id=\"bwg_filmstrip_thumbnail_2_0\"                class=\"bwg_slideshow_filmstrip_thumbnail_0 bwg_slideshow_thumb_deactive_0\"                data-style=\"width:161px; height:90px;\">                <img decoding=\"async\" class=\"bwg_filmstrip_thumbnail_img bwg_slideshow_filmstrip_thumbnail_img_0\"                  style=\"width:161px; height:120.75px; margin-left: 0px; margin-top: -15.375px;\"                  data-style=\"width:161px; height:120.75px; margin-left: 0px; margin-top: -15.375px;\"                  src=\"https:\/\/mdw-moldova.org\/wp-content\/uploads\/photo-gallery\/thumb\/Viber-Bild_2023-11-03_12-52-09-541.jpg?bwg=1707857956\"                  data-src=\"https:\/\/mdw-moldova.org\/wp-content\/uploads\/photo-gallery\/thumb\/Viber-Bild_2023-11-03_12-52-09-541.jpg?bwg=1707857956\"                  onclick=\"bwg_change_image(parseInt(jQuery('#bwg_current_image_key_0').val()), '2', '', '', '0')\"                  image_id=\"34\"                  image_key=\"2\"                  alt=\"Nov 2023: Energiebesichtigung bei Grip in Golan: W\u00e4rmed\u00e4mmung\"                  title=\"Nov 2023: Energiebesichtigung bei Grip in Golan: W\u00e4rmed\u00e4mmung\" \/>              <\/div>                            <div id=\"bwg_filmstrip_thumbnail_3_0\"                class=\"bwg_slideshow_filmstrip_thumbnail_0 bwg_slideshow_thumb_deactive_0\"                data-style=\"width:161px; height:90px;\">                <img decoding=\"async\" class=\"bwg_filmstrip_thumbnail_img bwg_slideshow_filmstrip_thumbnail_img_0\"                  style=\"width:161px; height:120.75px; margin-left: 0px; margin-top: -15.375px;\"                  data-style=\"width:161px; height:120.75px; margin-left: 0px; margin-top: -15.375px;\"                  src=\"https:\/\/mdw-moldova.org\/wp-content\/uploads\/photo-gallery\/thumb\/signal-2024-02-09-145916.jpeg?bwg=1707857956\"                  data-src=\"https:\/\/mdw-moldova.org\/wp-content\/uploads\/photo-gallery\/thumb\/signal-2024-02-09-145916.jpeg?bwg=1707857956\"                  onclick=\"bwg_change_image(parseInt(jQuery('#bwg_current_image_key_0').val()), '3', '', '', '0')\"                  image_id=\"35\"                  image_key=\"3\"                  alt=\"Febr 2024: Einweihung der Solaranlage auf einer Berufsschule in Hincesti (Sch\u00f6ck-Stiftung)\"                  title=\"Febr 2024: Einweihung der Solaranlage auf einer Berufsschule in Hincesti (Sch\u00f6ck-Stiftung)\" \/>              <\/div>                            <div id=\"bwg_filmstrip_thumbnail_4_0\"                class=\"bwg_slideshow_filmstrip_thumbnail_0 bwg_slideshow_thumb_deactive_0\"                data-style=\"width:161px; height:90px;\">                <img decoding=\"async\" class=\"bwg_filmstrip_thumbnail_img bwg_slideshow_filmstrip_thumbnail_img_0\"                  style=\"width:161px; height:120.75px; margin-left: 0px; margin-top: -15.375px;\"                  data-style=\"width:161px; height:120.75px; margin-left: 0px; margin-top: -15.375px;\"                  src=\"https:\/\/mdw-moldova.org\/wp-content\/uploads\/photo-gallery\/thumb\/Oesterreich_Empfang.jpg?bwg=1707857956\"                  data-src=\"https:\/\/mdw-moldova.org\/wp-content\/uploads\/photo-gallery\/thumb\/Oesterreich_Empfang.jpg?bwg=1707857956\"                  onclick=\"bwg_change_image(parseInt(jQuery('#bwg_current_image_key_0').val()), '4', '', '', '0')\"                  image_id=\"37\"                  image_key=\"4\"                  alt=\"Okt 2023 Feier des \u00f6sterreichischen Nationalfeiertages mit Botschafterin und Franz-Anton Plitt\"                  title=\"Okt 2023 Feier des \u00f6sterreichischen Nationalfeiertages mit Botschafterin und Franz-Anton Plitt\" \/>              <\/div>                            <div id=\"bwg_filmstrip_thumbnail_5_0\"                class=\"bwg_slideshow_filmstrip_thumbnail_0 bwg_slideshow_thumb_deactive_0\"                data-style=\"width:161px; height:90px;\">                <img decoding=\"async\" class=\"bwg_filmstrip_thumbnail_img bwg_slideshow_filmstrip_thumbnail_img_0\"                  style=\"width:161px; height:120.75px; margin-left: 0px; margin-top: -15.375px;\"                  data-style=\"width:161px; height:120.75px; margin-left: 0px; margin-top: -15.375px;\"                  src=\"https:\/\/mdw-moldova.org\/wp-content\/uploads\/photo-gallery\/thumb\/signal-2023-11-08-214334_002.jpeg?bwg=1707857956\"                  data-src=\"https:\/\/mdw-moldova.org\/wp-content\/uploads\/photo-gallery\/thumb\/signal-2023-11-08-214334_002.jpeg?bwg=1707857956\"                  onclick=\"bwg_change_image(parseInt(jQuery('#bwg_current_image_key_0').val()), '5', '', '', '0')\"                  image_id=\"38\"                  image_key=\"5\"                  alt=\"Nov. 2023 Diskussion im Parlament zum mold. Arbeitsmarkt mit MDW-Pr\u00e4senz\"                  title=\"Nov. 2023 Diskussion im Parlament zum mold. Arbeitsmarkt mit MDW-Pr\u00e4senz\" \/>              <\/div>                            <div id=\"bwg_filmstrip_thumbnail_6_0\"                class=\"bwg_slideshow_filmstrip_thumbnail_0 bwg_slideshow_thumb_deactive_0\"                data-style=\"width:161px; height:90px;\">                <img decoding=\"async\" class=\"bwg_filmstrip_thumbnail_img bwg_slideshow_filmstrip_thumbnail_img_0\"                  style=\"width:161px; height:127.19px; margin-left: 0px; margin-top: -18.595px;\"                  data-style=\"width:161px; height:127.19px; margin-left: 0px; margin-top: -18.595px;\"                  src=\"https:\/\/mdw-moldova.org\/wp-content\/uploads\/photo-gallery\/thumb\/IMG_E1734.jpg?bwg=1707857956\"                  data-src=\"https:\/\/mdw-moldova.org\/wp-content\/uploads\/photo-gallery\/thumb\/IMG_E1734.jpg?bwg=1707857956\"                  onclick=\"bwg_change_image(parseInt(jQuery('#bwg_current_image_key_0').val()), '6', '', '', '0')\"                  image_id=\"39\"                  image_key=\"6\"                  alt=\"Mai 2023 Firmenbesuch in Balti bei Guido Meinelt, Dr\u00e4xlmaier\"                  title=\"Mai 2023 Firmenbesuch in Balti bei Guido Meinelt, Dr\u00e4xlmaier\" \/>              <\/div>                            <div id=\"bwg_filmstrip_thumbnail_7_0\"                class=\"bwg_slideshow_filmstrip_thumbnail_0 bwg_slideshow_thumb_deactive_0\"                data-style=\"width:161px; height:90px;\">                <img decoding=\"async\" class=\"bwg_filmstrip_thumbnail_img bwg_slideshow_filmstrip_thumbnail_img_0\"                  style=\"width:161px; height:107.226px; margin-left: 0px; margin-top: -8.613px;\"                  data-style=\"width:161px; height:107.226px; margin-left: 0px; margin-top: -8.613px;\"                  src=\"https:\/\/mdw-moldova.org\/wp-content\/uploads\/photo-gallery\/thumb\/panel.jpg?bwg=1707857956\"                  data-src=\"https:\/\/mdw-moldova.org\/wp-content\/uploads\/photo-gallery\/thumb\/panel.jpg?bwg=1707857956\"                  onclick=\"bwg_change_image(parseInt(jQuery('#bwg_current_image_key_0').val()), '7', '', '', '0')\"                  image_id=\"40\"                  image_key=\"7\"                  alt=\"Febr. 2024 feierliche Einweihung einer Solaranlage durch die Sch\u00f6ck-Stiftung mit Bildungsminister Perciun\"                  title=\"Febr. 2024 feierliche Einweihung einer Solaranlage durch die Sch\u00f6ck-Stiftung mit Bildungsminister Perciun\" \/>              <\/div>                            <div id=\"bwg_filmstrip_thumbnail_8_0\"                class=\"bwg_slideshow_filmstrip_thumbnail_0 bwg_slideshow_thumb_deactive_0\"                data-style=\"width:161px; height:90px;\">                <img decoding=\"async\" class=\"bwg_filmstrip_thumbnail_img bwg_slideshow_filmstrip_thumbnail_img_0\"                  style=\"width:161px; height:120.75px; margin-left: 0px; margin-top: -15.375px;\"                  data-style=\"width:161px; height:120.75px; margin-left: 0px; margin-top: -15.375px;\"                  src=\"https:\/\/mdw-moldova.org\/wp-content\/uploads\/photo-gallery\/thumb\/Stammtischbild_September2022.jpeg?bwg=1707857956\"                  data-src=\"https:\/\/mdw-moldova.org\/wp-content\/uploads\/photo-gallery\/thumb\/Stammtischbild_September2022.jpeg?bwg=1707857956\"                  onclick=\"bwg_change_image(parseInt(jQuery('#bwg_current_image_key_0').val()), '8', '', '', '0')\"                  image_id=\"41\"                  image_key=\"8\"                  alt=\"Sept. 2022 Stammtischbild \"                  title=\"Sept. 2022 Stammtischbild \" \/>              <\/div>                            <div id=\"bwg_filmstrip_thumbnail_9_0\"                class=\"bwg_slideshow_filmstrip_thumbnail_0 bwg_slideshow_thumb_deactive_0\"                data-style=\"width:161px; height:90px;\">                <img decoding=\"async\" class=\"bwg_filmstrip_thumbnail_img bwg_slideshow_filmstrip_thumbnail_img_0\"                  style=\"width:161px; height:120.75px; margin-left: 0px; margin-top: -15.375px;\"                  data-style=\"width:161px; height:120.75px; margin-left: 0px; margin-top: -15.375px;\"                  src=\"https:\/\/mdw-moldova.org\/wp-content\/uploads\/photo-gallery\/thumb\/Viber-Bild_2023-11-03_10-12-41-445.jpg?bwg=1707857956\"                  data-src=\"https:\/\/mdw-moldova.org\/wp-content\/uploads\/photo-gallery\/thumb\/Viber-Bild_2023-11-03_10-12-41-445.jpg?bwg=1707857956\"                  onclick=\"bwg_change_image(parseInt(jQuery('#bwg_current_image_key_0').val()), '9', '', '', '0')\"                  image_id=\"42\"                  image_key=\"9\"                  alt=\"Nov 2023 Energieberatung bei MDW-Mitglied zu Hause\"                  title=\"Nov 2023 Energieberatung bei MDW-Mitglied zu Hause\" \/>              <\/div>                            <div id=\"bwg_filmstrip_thumbnail_10_0\"                class=\"bwg_slideshow_filmstrip_thumbnail_0 bwg_slideshow_thumb_deactive_0\"                data-style=\"width:161px; height:90px;\">                <img decoding=\"async\" class=\"bwg_filmstrip_thumbnail_img bwg_slideshow_filmstrip_thumbnail_img_0\"                  style=\"width:161px; height:120.75px; margin-left: 0px; margin-top: -15.375px;\"                  data-style=\"width:161px; height:120.75px; margin-left: 0px; margin-top: -15.375px;\"                  src=\"https:\/\/mdw-moldova.org\/wp-content\/uploads\/photo-gallery\/thumb\/20230909_181448.jpg?bwg=1707857956\"                  data-src=\"https:\/\/mdw-moldova.org\/wp-content\/uploads\/photo-gallery\/thumb\/20230909_181448.jpg?bwg=1707857956\"                  onclick=\"bwg_change_image(parseInt(jQuery('#bwg_current_image_key_0').val()), '10', '', '', '0')\"                  image_id=\"43\"                  image_key=\"10\"                  alt=\"Sept 2023 - Essen nach Wanderung in Hirtop\"                  title=\"Sept 2023 - Essen nach Wanderung in Hirtop\" \/>              <\/div>                            <div id=\"bwg_filmstrip_thumbnail_11_0\"                class=\"bwg_slideshow_filmstrip_thumbnail_0 bwg_slideshow_thumb_deactive_0\"                data-style=\"width:161px; height:90px;\">                <img decoding=\"async\" class=\"bwg_filmstrip_thumbnail_img bwg_slideshow_filmstrip_thumbnail_img_0\"                  style=\"width:161px; height:120.75px; margin-left: 0px; margin-top: -15.375px;\"                  data-style=\"width:161px; height:120.75px; margin-left: 0px; margin-top: -15.375px;\"                  src=\"https:\/\/mdw-moldova.org\/wp-content\/uploads\/photo-gallery\/thumb\/expo-23-rollup.jpeg?bwg=1707857956\"                  data-src=\"https:\/\/mdw-moldova.org\/wp-content\/uploads\/photo-gallery\/thumb\/expo-23-rollup.jpeg?bwg=1707857956\"                  onclick=\"bwg_change_image(parseInt(jQuery('#bwg_current_image_key_0').val()), '11', '', '', '0')\"                  image_id=\"44\"                  image_key=\"11\"                  alt=\"Okt 2023 Pr\u00e4senz auf der ExpoReal in M\u00fcnchen\"                  title=\"Okt 2023 Pr\u00e4senz auf der ExpoReal in M\u00fcnchen\" \/>              <\/div>                            <div id=\"bwg_filmstrip_thumbnail_12_0\"                class=\"bwg_slideshow_filmstrip_thumbnail_0 bwg_slideshow_thumb_deactive_0\"                data-style=\"width:161px; height:90px;\">                <img decoding=\"async\" class=\"bwg_filmstrip_thumbnail_img bwg_slideshow_filmstrip_thumbnail_img_0\"                  style=\"width:161px; height:120.75px; margin-left: 0px; margin-top: -15.375px;\"                  data-style=\"width:161px; height:120.75px; margin-left: 0px; margin-top: -15.375px;\"                  src=\"https:\/\/mdw-moldova.org\/wp-content\/uploads\/photo-gallery\/thumb\/20230909_150925.jpg?bwg=1707857956\"                  data-src=\"https:\/\/mdw-moldova.org\/wp-content\/uploads\/photo-gallery\/thumb\/20230909_150925.jpg?bwg=1707857956\"                  onclick=\"bwg_change_image(parseInt(jQuery('#bwg_current_image_key_0').val()), '12', '', '', '0')\"                  image_id=\"45\"                  image_key=\"12\"                  alt=\"Sept 2023 Wanderziel Marienfeld erreicht\"                  title=\"Sept 2023 Wanderziel Marienfeld erreicht\" \/>              <\/div>                            <div id=\"bwg_filmstrip_thumbnail_13_0\"                class=\"bwg_slideshow_filmstrip_thumbnail_0 bwg_slideshow_thumb_deactive_0\"                data-style=\"width:161px; height:90px;\">                <img decoding=\"async\" class=\"bwg_filmstrip_thumbnail_img bwg_slideshow_filmstrip_thumbnail_img_0\"                  style=\"width:161px; height:120.75px; margin-left: 0px; margin-top: -15.375px;\"                  data-style=\"width:161px; height:120.75px; margin-left: 0px; margin-top: -15.375px;\"                  src=\"https:\/\/mdw-moldova.org\/wp-content\/uploads\/photo-gallery\/thumb\/20230909_163139.jpg?bwg=1707857956\"                  data-src=\"https:\/\/mdw-moldova.org\/wp-content\/uploads\/photo-gallery\/thumb\/20230909_163139.jpg?bwg=1707857956\"                  onclick=\"bwg_change_image(parseInt(jQuery('#bwg_current_image_key_0').val()), '13', '', '', '0')\"                  image_id=\"46\"                  image_key=\"13\"                  alt=\"Sept 2023 Wanderung nach Marienfeld\"                  title=\"Sept 2023 Wanderung nach Marienfeld\" \/>              <\/div>                            <div id=\"bwg_filmstrip_thumbnail_14_0\"                class=\"bwg_slideshow_filmstrip_thumbnail_0 bwg_slideshow_thumb_deactive_0\"                data-style=\"width:161px; height:90px;\">                <img decoding=\"async\" class=\"bwg_filmstrip_thumbnail_img bwg_slideshow_filmstrip_thumbnail_img_0\"                  style=\"width:161px; height:120.75px; margin-left: 0px; margin-top: -15.375px;\"                  data-style=\"width:161px; height:120.75px; margin-left: 0px; margin-top: -15.375px;\"                  src=\"https:\/\/mdw-moldova.org\/wp-content\/uploads\/photo-gallery\/thumb\/2023-09-28-11.05.47_(1).jpg?bwg=1707857956\"                  data-src=\"https:\/\/mdw-moldova.org\/wp-content\/uploads\/photo-gallery\/thumb\/2023-09-28-11.05.47_(1).jpg?bwg=1707857956\"                  onclick=\"bwg_change_image(parseInt(jQuery('#bwg_current_image_key_0').val()), '14', '', '', '0')\"                  image_id=\"48\"                  image_key=\"14\"                  alt=\"28.9.2023 Beratungen in Berlin mit Wirtschaftsminister Alaiba\"                  title=\"28.9.2023 Beratungen in Berlin mit Wirtschaftsminister Alaiba\" \/>              <\/div>                            <div id=\"bwg_filmstrip_thumbnail_15_0\"                class=\"bwg_slideshow_filmstrip_thumbnail_0 bwg_slideshow_thumb_deactive_0\"                data-style=\"width:161px; height:90px;\">                <img decoding=\"async\" class=\"bwg_filmstrip_thumbnail_img bwg_slideshow_filmstrip_thumbnail_img_0\"                  style=\"width:161px; height:120.75px; margin-left: 0px; margin-top: -15.375px;\"                  data-style=\"width:161px; height:120.75px; margin-left: 0px; margin-top: -15.375px;\"                  src=\"https:\/\/mdw-moldova.org\/wp-content\/uploads\/photo-gallery\/thumb\/2023_11_14_Stammtisch.jpg?bwg=1707857956\"                  data-src=\"https:\/\/mdw-moldova.org\/wp-content\/uploads\/photo-gallery\/thumb\/2023_11_14_Stammtisch.jpg?bwg=1707857956\"                  onclick=\"bwg_change_image(parseInt(jQuery('#bwg_current_image_key_0').val()), '15', '', '', '0')\"                  image_id=\"49\"                  image_key=\"15\"                  alt=\"Nov. 2023 Stammtisch Winterversion im Karl Schmidt\"                  title=\"Nov. 2023 Stammtisch Winterversion im Karl Schmidt\" \/>              <\/div>                            <div id=\"bwg_filmstrip_thumbnail_16_0\"                class=\"bwg_slideshow_filmstrip_thumbnail_0 bwg_slideshow_thumb_deactive_0\"                data-style=\"width:161px; height:90px;\">                <img decoding=\"async\" class=\"bwg_filmstrip_thumbnail_img bwg_slideshow_filmstrip_thumbnail_img_0\"                  style=\"width:161px; height:120.75px; margin-left: 0px; margin-top: -15.375px;\"                  data-style=\"width:161px; height:120.75px; margin-left: 0px; margin-top: -15.375px;\"                  src=\"https:\/\/mdw-moldova.org\/wp-content\/uploads\/photo-gallery\/thumb\/2023_09_Marathon.jpg?bwg=1707857956\"                  data-src=\"https:\/\/mdw-moldova.org\/wp-content\/uploads\/photo-gallery\/thumb\/2023_09_Marathon.jpg?bwg=1707857956\"                  onclick=\"bwg_change_image(parseInt(jQuery('#bwg_current_image_key_0').val()), '16', '', '', '0')\"                  image_id=\"50\"                  image_key=\"16\"                  alt=\"Sept 2023 - MDW-Mitglieder beim Chisinau Marathon unterm Stefan\"                  title=\"Sept 2023 - MDW-Mitglieder beim Chisinau Marathon unterm Stefan\" \/>              <\/div>                            <div id=\"bwg_filmstrip_thumbnail_17_0\"                class=\"bwg_slideshow_filmstrip_thumbnail_0 bwg_slideshow_thumb_deactive_0\"                data-style=\"width:161px; height:90px;\">                <img decoding=\"async\" class=\"bwg_filmstrip_thumbnail_img bwg_slideshow_filmstrip_thumbnail_img_0\"                  style=\"width:161px; height:96.736730360934px; margin-left: 0px; margin-top: -3.3683651804671px;\"                  data-style=\"width:161px; height:96.736730360934px; margin-left: 0px; margin-top: -3.3683651804671px;\"                  src=\"https:\/\/mdw-moldova.org\/wp-content\/uploads\/photo-gallery\/thumb\/2023_10_MDW_MV_online.png?bwg=1707857956\"                  data-src=\"https:\/\/mdw-moldova.org\/wp-content\/uploads\/photo-gallery\/thumb\/2023_10_MDW_MV_online.png?bwg=1707857956\"                  onclick=\"bwg_change_image(parseInt(jQuery('#bwg_current_image_key_0').val()), '17', '', '', '0')\"                  image_id=\"51\"                  image_key=\"17\"                  alt=\"Okt 2023 Mitgliederversammlung online\"                  title=\"Okt 2023 Mitgliederversammlung online\" \/>              <\/div>                            <div id=\"bwg_filmstrip_thumbnail_18_0\"                class=\"bwg_slideshow_filmstrip_thumbnail_0 bwg_slideshow_thumb_deactive_0\"                data-style=\"width:161px; height:90px;\">                <img decoding=\"async\" class=\"bwg_filmstrip_thumbnail_img bwg_slideshow_filmstrip_thumbnail_img_0\"                  style=\"width:161px; height:120.75px; margin-left: 0px; margin-top: -15.375px;\"                  data-style=\"width:161px; height:120.75px; margin-left: 0px; margin-top: -15.375px;\"                  src=\"https:\/\/mdw-moldova.org\/wp-content\/uploads\/photo-gallery\/thumb\/2023_09_Stammtisch.jpg?bwg=1707857956\"                  data-src=\"https:\/\/mdw-moldova.org\/wp-content\/uploads\/photo-gallery\/thumb\/2023_09_Stammtisch.jpg?bwg=1707857956\"                  onclick=\"bwg_change_image(parseInt(jQuery('#bwg_current_image_key_0').val()), '18', '', '', '0')\"                  image_id=\"52\"                  image_key=\"18\"                  alt=\"September 2023 Stammtisch Sommerversion\"                  title=\"September 2023 Stammtisch Sommerversion\" \/>              <\/div>                            <div id=\"bwg_filmstrip_thumbnail_19_0\"                class=\"bwg_slideshow_filmstrip_thumbnail_0 bwg_slideshow_thumb_deactive_0\"                data-style=\"width:161px; height:90px;\">                <img decoding=\"async\" class=\"bwg_filmstrip_thumbnail_img bwg_slideshow_filmstrip_thumbnail_img_0\"                  style=\"width:161px; height:120.75px; margin-left: 0px; margin-top: -15.375px;\"                  data-style=\"width:161px; height:120.75px; margin-left: 0px; margin-top: -15.375px;\"                  src=\"https:\/\/mdw-moldova.org\/wp-content\/uploads\/photo-gallery\/thumb\/2023_05_Besuch-bei-Draexlmaier.jpg?bwg=1707857956\"                  data-src=\"https:\/\/mdw-moldova.org\/wp-content\/uploads\/photo-gallery\/thumb\/2023_05_Besuch-bei-Draexlmaier.jpg?bwg=1707857956\"                  onclick=\"bwg_change_image(parseInt(jQuery('#bwg_current_image_key_0').val()), '19', '', '', '0')\"                  image_id=\"53\"                  image_key=\"19\"                  alt=\"Mai 2023 Firmenbesuch bei Dr\u00e4xlmeier\"                  title=\"Mai 2023 Firmenbesuch bei Dr\u00e4xlmeier\" \/>              <\/div>                            <div id=\"bwg_filmstrip_thumbnail_20_0\"                class=\"bwg_slideshow_filmstrip_thumbnail_0 bwg_slideshow_thumb_deactive_0\"                data-style=\"width:161px; height:90px;\">                <img decoding=\"async\" class=\"bwg_filmstrip_thumbnail_img bwg_slideshow_filmstrip_thumbnail_img_0\"                  style=\"width:161px; height:120.75px; margin-left: 0px; margin-top: -15.375px;\"                  data-style=\"width:161px; height:120.75px; margin-left: 0px; margin-top: -15.375px;\"                  src=\"https:\/\/mdw-moldova.org\/wp-content\/uploads\/photo-gallery\/thumb\/2022_06_Besuch_ClaudiaRoth.jpg?bwg=1707857956\"                  data-src=\"https:\/\/mdw-moldova.org\/wp-content\/uploads\/photo-gallery\/thumb\/2022_06_Besuch_ClaudiaRoth.jpg?bwg=1707857956\"                  onclick=\"bwg_change_image(parseInt(jQuery('#bwg_current_image_key_0').val()), '20', '', '', '0')\"                  image_id=\"54\"                  image_key=\"20\"                  alt=\"Juni 2022 Martin Reisser erkl\u00e4rt Claudia Roth deutsche Unternehmungen in Moldova\"                  title=\"Juni 2022 Martin Reisser erkl\u00e4rt Claudia Roth deutsche Unternehmungen in Moldova\" \/>              <\/div>                            <div id=\"bwg_filmstrip_thumbnail_21_0\"                class=\"bwg_slideshow_filmstrip_thumbnail_0 bwg_slideshow_thumb_deactive_0\"                data-style=\"width:161px; height:90px;\">                <img decoding=\"async\" class=\"bwg_filmstrip_thumbnail_img bwg_slideshow_filmstrip_thumbnail_img_0\"                  style=\"width:161px; height:148.12px; margin-left: 0px; margin-top: -29.06px;\"                  data-style=\"width:161px; height:148.12px; margin-left: 0px; margin-top: -29.06px;\"                  src=\"https:\/\/mdw-moldova.org\/wp-content\/uploads\/photo-gallery\/thumb\/2023_12_Schoeck_Besuch.jpeg?bwg=1707857956\"                  data-src=\"https:\/\/mdw-moldova.org\/wp-content\/uploads\/photo-gallery\/thumb\/2023_12_Schoeck_Besuch.jpeg?bwg=1707857956\"                  onclick=\"bwg_change_image(parseInt(jQuery('#bwg_current_image_key_0').val()), '21', '', '', '0')\"                  image_id=\"55\"                  image_key=\"21\"                  alt=\"Dez 2023 Besuch von Peter M\u00f6ller und Olga Sudareva (Sch\u00f6ck-Stiftung) bei Julian Gr\u00f6ger\"                  title=\"Dez 2023 Besuch von Peter M\u00f6ller und Olga Sudareva (Sch\u00f6ck-Stiftung) bei Julian Gr\u00f6ger\" \/>              <\/div>                            <div id=\"bwg_filmstrip_thumbnail_22_0\"                class=\"bwg_slideshow_filmstrip_thumbnail_0 bwg_slideshow_thumb_deactive_0\"                data-style=\"width:161px; height:90px;\">                <img decoding=\"async\" class=\"bwg_filmstrip_thumbnail_img bwg_slideshow_filmstrip_thumbnail_img_0\"                  style=\"width:161px; height:120.75px; margin-left: 0px; margin-top: -15.375px;\"                  data-style=\"width:161px; height:120.75px; margin-left: 0px; margin-top: -15.375px;\"                  src=\"https:\/\/mdw-moldova.org\/wp-content\/uploads\/photo-gallery\/thumb\/2023_12_Weihnachtsfeier.jpg?bwg=1707857956\"                  data-src=\"https:\/\/mdw-moldova.org\/wp-content\/uploads\/photo-gallery\/thumb\/2023_12_Weihnachtsfeier.jpg?bwg=1707857956\"                  onclick=\"bwg_change_image(parseInt(jQuery('#bwg_current_image_key_0').val()), '22', '', '', '0')\"                  image_id=\"56\"                  image_key=\"22\"                  alt=\"12.12.2023 Weihnachtsfeier\"                  title=\"12.12.2023 Weihnachtsfeier\" \/>              <\/div>                            <div id=\"bwg_filmstrip_thumbnail_23_0\"                class=\"bwg_slideshow_filmstrip_thumbnail_0 bwg_slideshow_thumb_deactive_0\"                data-style=\"width:161px; height:90px;\">                <img decoding=\"async\" class=\"bwg_filmstrip_thumbnail_img bwg_slideshow_filmstrip_thumbnail_img_0\"                  style=\"width:161px; height:120.75px; margin-left: 0px; margin-top: -15.375px;\"                  data-style=\"width:161px; height:120.75px; margin-left: 0px; margin-top: -15.375px;\"                  src=\"https:\/\/mdw-moldova.org\/wp-content\/uploads\/photo-gallery\/thumb\/2023_03_06_Residenz_Alaiba.jpg?bwg=1707857956\"                  data-src=\"https:\/\/mdw-moldova.org\/wp-content\/uploads\/photo-gallery\/thumb\/2023_03_06_Residenz_Alaiba.jpg?bwg=1707857956\"                  onclick=\"bwg_change_image(parseInt(jQuery('#bwg_current_image_key_0').val()), '23', '', '', '0')\"                  image_id=\"57\"                  image_key=\"23\"                  alt=\"6.3.2023 Treffen von MDW-Mitgliedern mit Wirtschaftsminister Alaiba in der Residenz der dt. Botschafterin\"                  title=\"6.3.2023 Treffen von MDW-Mitgliedern mit Wirtschaftsminister Alaiba in der Residenz der dt. Botschafterin\" \/>              <\/div>                            <div id=\"bwg_filmstrip_thumbnail_24_0\"                class=\"bwg_slideshow_filmstrip_thumbnail_0 bwg_slideshow_thumb_deactive_0\"                data-style=\"width:161px; height:90px;\">                <img decoding=\"async\" class=\"bwg_filmstrip_thumbnail_img bwg_slideshow_filmstrip_thumbnail_img_0\"                  style=\"width:194.80519480519px; height:90px; margin-left: -16.902597402597px; margin-top: 0px;\"                  data-style=\"width:194.80519480519px; height:90px; margin-left: -16.902597402597px; margin-top: 0px;\"                  src=\"https:\/\/mdw-moldova.org\/wp-content\/uploads\/photo-gallery\/thumb\/2022_Ukr-Hilfe_Hausrenovierung.png?bwg=1707857956\"                  data-src=\"https:\/\/mdw-moldova.org\/wp-content\/uploads\/photo-gallery\/thumb\/2022_Ukr-Hilfe_Hausrenovierung.png?bwg=1707857956\"                  onclick=\"bwg_change_image(parseInt(jQuery('#bwg_current_image_key_0').val()), '24', '', '', '0')\"                  image_id=\"58\"                  image_key=\"24\"                  alt=\"2022: Hilfe f\u00fcr Fl\u00fcchtlinge aus der Ukraine: Hausrenovierung in Hirtop mit Hilfe der Eberhard Sch\u00f6ck Stiftung\"                  title=\"2022: Hilfe f\u00fcr Fl\u00fcchtlinge aus der Ukraine: Hausrenovierung in Hirtop mit Hilfe der Eberhard Sch\u00f6ck Stiftung\" \/>              <\/div>                            <div id=\"bwg_filmstrip_thumbnail_25_0\"                class=\"bwg_slideshow_filmstrip_thumbnail_0 bwg_slideshow_thumb_deactive_0\"                data-style=\"width:161px; height:90px;\">                <img decoding=\"async\" class=\"bwg_filmstrip_thumbnail_img bwg_slideshow_filmstrip_thumbnail_img_0\"                  style=\"width:161px; height:214.66666666667px; margin-left: 0px; margin-top: -62.333333333333px;\"                  data-style=\"width:161px; height:214.66666666667px; margin-left: 0px; margin-top: -62.333333333333px;\"                  src=\"https:\/\/mdw-moldova.org\/wp-content\/uploads\/photo-gallery\/thumb\/2023-09-28-15.14.41.jpg?bwg=1707857956\"                  data-src=\"https:\/\/mdw-moldova.org\/wp-content\/uploads\/photo-gallery\/thumb\/2023-09-28-15.14.41.jpg?bwg=1707857956\"                  onclick=\"bwg_change_image(parseInt(jQuery('#bwg_current_image_key_0').val()), '25', '', '', '0')\"                  image_id=\"59\"                  image_key=\"25\"                  alt=\"28.9.2023 Franz-Anton Plitt und Dorin Recean in Berlin\"                  title=\"28.9.2023 Franz-Anton Plitt und Dorin Recean in Berlin\" \/>              <\/div>                        <\/div>        <\/div>        <div class=\"bwg_slideshow_filmstrip_right_0\">          <i class=\"bwg-icon-angle-right\"><\/i>        <\/div>        <div class=\"bwg_slideshow_filmstrip_right_disabled_0\">          <i class=\"bwg-icon-angle-right\"><\/i>        <\/div>      <\/div>          <div id=\"bwg_slideshow_image_container_0\"         class=\"bwg_slideshow_image_container_0\"         data-params='{&quot;bwg_source&quot;:&quot;slider&quot;,&quot;bwg_current_key&quot;:&quot;&quot;,&quot;bwg_transition_duration&quot;:100,&quot;bwg_trans_in_progress&quot;:false,&quot;data&quot;:[{&quot;id&quot;:&quot;32&quot;,&quot;alt&quot;:&quot;Jan 2024 - MDW wird Mitglied beim Deutsch-Moldauischen Forum&quot;,&quot;description&quot;:&quot;&quot;,&quot;filetype&quot;:&quot;JPG&quot;,&quot;filename&quot;:&quot;WhatsApp-Bild-2024-01-17-um-22.42.02_db75a02b&quot;,&quot;image_url&quot;:&quot;\\\/WhatsApp-Bild-2024-01-17-um-22.42.02_db75a02b.jpg?bwg=1707857956&quot;,&quot;thumb_url&quot;:&quot;\\\/thumb\\\/WhatsApp-Bild-2024-01-17-um-22.42.02_db75a02b.jpg?bwg=1707857956&quot;,&quot;redirect_url&quot;:&quot;&quot;,&quot;date&quot;:&quot;2024-02-13 20:46:30&quot;,&quot;is_embed&quot;:false,&quot;is_embed_video&quot;:false,&quot;thumb_width&quot;:&quot;375.00&quot;,&quot;thumb_height&quot;:&quot;500.00&quot;},{&quot;id&quot;:&quot;33&quot;,&quot;alt&quot;:&quot;Nov 2023 - Energiebesichtigung bei Grip, hier: Dachsolaranlage&quot;,&quot;description&quot;:&quot;&quot;,&quot;filetype&quot;:&quot;JPG&quot;,&quot;filename&quot;:&quot;Viber-Bild_2023-11-03_12-52-09-668&quot;,&quot;image_url&quot;:&quot;\\\/Viber-Bild_2023-11-03_12-52-09-668.jpg?bwg=1707857956&quot;,&quot;thumb_url&quot;:&quot;\\\/thumb\\\/Viber-Bild_2023-11-03_12-52-09-668.jpg?bwg=1707857956&quot;,&quot;redirect_url&quot;:&quot;&quot;,&quot;date&quot;:&quot;2024-02-13 20:46:29&quot;,&quot;is_embed&quot;:false,&quot;is_embed_video&quot;:false,&quot;thumb_width&quot;:&quot;500.00&quot;,&quot;thumb_height&quot;:&quot;375.00&quot;},{&quot;id&quot;:&quot;34&quot;,&quot;alt&quot;:&quot;Nov 2023: Energiebesichtigung bei Grip in Golan: W\\u00e4rmed\\u00e4mmung&quot;,&quot;description&quot;:&quot;&quot;,&quot;filetype&quot;:&quot;JPG&quot;,&quot;filename&quot;:&quot;Viber-Bild_2023-11-03_12-52-09-541&quot;,&quot;image_url&quot;:&quot;\\\/Viber-Bild_2023-11-03_12-52-09-541.jpg?bwg=1707857956&quot;,&quot;thumb_url&quot;:&quot;\\\/thumb\\\/Viber-Bild_2023-11-03_12-52-09-541.jpg?bwg=1707857956&quot;,&quot;redirect_url&quot;:&quot;&quot;,&quot;date&quot;:&quot;2024-02-13 20:46:28&quot;,&quot;is_embed&quot;:false,&quot;is_embed_video&quot;:false,&quot;thumb_width&quot;:&quot;500.00&quot;,&quot;thumb_height&quot;:&quot;375.00&quot;},{&quot;id&quot;:&quot;35&quot;,&quot;alt&quot;:&quot;Febr 2024: Einweihung der Solaranlage auf einer Berufsschule in Hincesti (Sch\\u00f6ck-Stiftung)&quot;,&quot;description&quot;:&quot;&quot;,&quot;filetype&quot;:&quot;JPEG&quot;,&quot;filename&quot;:&quot;signal-2024-02-09-145916&quot;,&quot;image_url&quot;:&quot;\\\/signal-2024-02-09-145916.jpeg?bwg=1707857956&quot;,&quot;thumb_url&quot;:&quot;\\\/thumb\\\/signal-2024-02-09-145916.jpeg?bwg=1707857956&quot;,&quot;redirect_url&quot;:&quot;&quot;,&quot;date&quot;:&quot;2024-02-13 20:46:27&quot;,&quot;is_embed&quot;:false,&quot;is_embed_video&quot;:false,&quot;thumb_width&quot;:&quot;500.00&quot;,&quot;thumb_height&quot;:&quot;375.00&quot;},{&quot;id&quot;:&quot;37&quot;,&quot;alt&quot;:&quot;Okt 2023 Feier des \\u00f6sterreichischen Nationalfeiertages mit Botschafterin und Franz-Anton Plitt&quot;,&quot;description&quot;:&quot;&quot;,&quot;filetype&quot;:&quot;JPG&quot;,&quot;filename&quot;:&quot;Oesterreich_Empfang&quot;,&quot;image_url&quot;:&quot;\\\/Oesterreich_Empfang.jpg?bwg=1707857956&quot;,&quot;thumb_url&quot;:&quot;\\\/thumb\\\/Oesterreich_Empfang.jpg?bwg=1707857956&quot;,&quot;redirect_url&quot;:&quot;&quot;,&quot;date&quot;:&quot;2024-02-13 20:46:20&quot;,&quot;is_embed&quot;:false,&quot;is_embed_video&quot;:false,&quot;thumb_width&quot;:&quot;500.00&quot;,&quot;thumb_height&quot;:&quot;375.00&quot;},{&quot;id&quot;:&quot;38&quot;,&quot;alt&quot;:&quot;Nov. 2023 Diskussion im Parlament zum mold. Arbeitsmarkt mit MDW-Pr\\u00e4senz&quot;,&quot;description&quot;:&quot;&quot;,&quot;filetype&quot;:&quot;JPEG&quot;,&quot;filename&quot;:&quot;signal-2023-11-08-214334_002&quot;,&quot;image_url&quot;:&quot;\\\/signal-2023-11-08-214334_002.jpeg?bwg=1707857956&quot;,&quot;thumb_url&quot;:&quot;\\\/thumb\\\/signal-2023-11-08-214334_002.jpeg?bwg=1707857956&quot;,&quot;redirect_url&quot;:&quot;&quot;,&quot;date&quot;:&quot;2024-02-13 20:46:21&quot;,&quot;is_embed&quot;:false,&quot;is_embed_video&quot;:false,&quot;thumb_width&quot;:&quot;500.00&quot;,&quot;thumb_height&quot;:&quot;375.00&quot;},{&quot;id&quot;:&quot;39&quot;,&quot;alt&quot;:&quot;Mai 2023 Firmenbesuch in Balti bei Guido Meinelt, Dr\\u00e4xlmaier&quot;,&quot;description&quot;:&quot;&quot;,&quot;filetype&quot;:&quot;JPG&quot;,&quot;filename&quot;:&quot;IMG_E1734&quot;,&quot;image_url&quot;:&quot;\\\/IMG_E1734.jpg?bwg=1707857956&quot;,&quot;thumb_url&quot;:&quot;\\\/thumb\\\/IMG_E1734.jpg?bwg=1707857956&quot;,&quot;redirect_url&quot;:&quot;&quot;,&quot;date&quot;:&quot;2024-02-13 20:46:25&quot;,&quot;is_embed&quot;:false,&quot;is_embed_video&quot;:false,&quot;thumb_width&quot;:&quot;500.00&quot;,&quot;thumb_height&quot;:&quot;395.00&quot;},{&quot;id&quot;:&quot;40&quot;,&quot;alt&quot;:&quot;Febr. 2024 feierliche Einweihung einer Solaranlage durch die Sch\\u00f6ck-Stiftung mit Bildungsminister Perciun&quot;,&quot;description&quot;:&quot;&quot;,&quot;filetype&quot;:&quot;JPG&quot;,&quot;filename&quot;:&quot;panel&quot;,&quot;image_url&quot;:&quot;\\\/panel.jpg?bwg=1707857956&quot;,&quot;thumb_url&quot;:&quot;\\\/thumb\\\/panel.jpg?bwg=1707857956&quot;,&quot;redirect_url&quot;:&quot;&quot;,&quot;date&quot;:&quot;2024-02-13 20:46:25&quot;,&quot;is_embed&quot;:false,&quot;is_embed_video&quot;:false,&quot;thumb_width&quot;:&quot;500.00&quot;,&quot;thumb_height&quot;:&quot;333.00&quot;},{&quot;id&quot;:&quot;41&quot;,&quot;alt&quot;:&quot;Sept. 2022 Stammtischbild &quot;,&quot;description&quot;:&quot;&quot;,&quot;filetype&quot;:&quot;JPEG&quot;,&quot;filename&quot;:&quot;Stammtischbild_September2022&quot;,&quot;image_url&quot;:&quot;\\\/Stammtischbild_September2022.jpeg?bwg=1707857956&quot;,&quot;thumb_url&quot;:&quot;\\\/thumb\\\/Stammtischbild_September2022.jpeg?bwg=1707857956&quot;,&quot;redirect_url&quot;:&quot;&quot;,&quot;date&quot;:&quot;2024-02-13 20:46:26&quot;,&quot;is_embed&quot;:false,&quot;is_embed_video&quot;:false,&quot;thumb_width&quot;:&quot;500.00&quot;,&quot;thumb_height&quot;:&quot;375.00&quot;},{&quot;id&quot;:&quot;42&quot;,&quot;alt&quot;:&quot;Nov 2023 Energieberatung bei MDW-Mitglied zu Hause&quot;,&quot;description&quot;:&quot;&quot;,&quot;filetype&quot;:&quot;JPG&quot;,&quot;filename&quot;:&quot;Viber-Bild_2023-11-03_10-12-41-445&quot;,&quot;image_url&quot;:&quot;\\\/Viber-Bild_2023-11-03_10-12-41-445.jpg?bwg=1707857956&quot;,&quot;thumb_url&quot;:&quot;\\\/thumb\\\/Viber-Bild_2023-11-03_10-12-41-445.jpg?bwg=1707857956&quot;,&quot;redirect_url&quot;:&quot;&quot;,&quot;date&quot;:&quot;2024-02-13 20:46:27&quot;,&quot;is_embed&quot;:false,&quot;is_embed_video&quot;:false,&quot;thumb_width&quot;:&quot;500.00&quot;,&quot;thumb_height&quot;:&quot;375.00&quot;},{&quot;id&quot;:&quot;43&quot;,&quot;alt&quot;:&quot;Sept 2023 - Essen nach Wanderung in Hirtop&quot;,&quot;description&quot;:&quot;&quot;,&quot;filetype&quot;:&quot;JPG&quot;,&quot;filename&quot;:&quot;20230909_181448&quot;,&quot;image_url&quot;:&quot;\\\/20230909_181448.jpg?bwg=1707857956&quot;,&quot;thumb_url&quot;:&quot;\\\/thumb\\\/20230909_181448.jpg?bwg=1707857956&quot;,&quot;redirect_url&quot;:&quot;&quot;,&quot;date&quot;:&quot;2024-02-13 20:46:18&quot;,&quot;is_embed&quot;:false,&quot;is_embed_video&quot;:false,&quot;thumb_width&quot;:&quot;500.00&quot;,&quot;thumb_height&quot;:&quot;375.00&quot;},{&quot;id&quot;:&quot;44&quot;,&quot;alt&quot;:&quot;Okt 2023 Pr\\u00e4senz auf der ExpoReal in M\\u00fcnchen&quot;,&quot;description&quot;:&quot;&quot;,&quot;filetype&quot;:&quot;JPEG&quot;,&quot;filename&quot;:&quot;expo-23-rollup&quot;,&quot;image_url&quot;:&quot;\\\/expo-23-rollup.jpeg?bwg=1707857956&quot;,&quot;thumb_url&quot;:&quot;\\\/thumb\\\/expo-23-rollup.jpeg?bwg=1707857956&quot;,&quot;redirect_url&quot;:&quot;&quot;,&quot;date&quot;:&quot;2024-02-13 20:46:18&quot;,&quot;is_embed&quot;:false,&quot;is_embed_video&quot;:false,&quot;thumb_width&quot;:&quot;500.00&quot;,&quot;thumb_height&quot;:&quot;375.00&quot;},{&quot;id&quot;:&quot;45&quot;,&quot;alt&quot;:&quot;Sept 2023 Wanderziel Marienfeld erreicht&quot;,&quot;description&quot;:&quot;&quot;,&quot;filetype&quot;:&quot;JPG&quot;,&quot;filename&quot;:&quot;20230909_150925&quot;,&quot;image_url&quot;:&quot;\\\/20230909_150925.jpg?bwg=1707857956&quot;,&quot;thumb_url&quot;:&quot;\\\/thumb\\\/20230909_150925.jpg?bwg=1707857956&quot;,&quot;redirect_url&quot;:&quot;&quot;,&quot;date&quot;:&quot;2024-02-13 20:46:17&quot;,&quot;is_embed&quot;:false,&quot;is_embed_video&quot;:false,&quot;thumb_width&quot;:&quot;500.00&quot;,&quot;thumb_height&quot;:&quot;375.00&quot;},{&quot;id&quot;:&quot;46&quot;,&quot;alt&quot;:&quot;Sept 2023 Wanderung nach Marienfeld&quot;,&quot;description&quot;:&quot;&quot;,&quot;filetype&quot;:&quot;JPG&quot;,&quot;filename&quot;:&quot;20230909_163139&quot;,&quot;image_url&quot;:&quot;\\\/20230909_163139.jpg?bwg=1707857956&quot;,&quot;thumb_url&quot;:&quot;\\\/thumb\\\/20230909_163139.jpg?bwg=1707857956&quot;,&quot;redirect_url&quot;:&quot;&quot;,&quot;date&quot;:&quot;2024-02-13 20:46:17&quot;,&quot;is_embed&quot;:false,&quot;is_embed_video&quot;:false,&quot;thumb_width&quot;:&quot;500.00&quot;,&quot;thumb_height&quot;:&quot;375.00&quot;},{&quot;id&quot;:&quot;48&quot;,&quot;alt&quot;:&quot;28.9.2023 Beratungen in Berlin mit Wirtschaftsminister Alaiba&quot;,&quot;description&quot;:&quot;&quot;,&quot;filetype&quot;:&quot;JPG&quot;,&quot;filename&quot;:&quot;2023-09-28-11.05.47_(1)&quot;,&quot;image_url&quot;:&quot;\\\/2023-09-28-11.05.47_(1).jpg?bwg=1707857956&quot;,&quot;thumb_url&quot;:&quot;\\\/thumb\\\/2023-09-28-11.05.47_(1).jpg?bwg=1707857956&quot;,&quot;redirect_url&quot;:&quot;&quot;,&quot;date&quot;:&quot;2024-02-13 20:46:11&quot;,&quot;is_embed&quot;:false,&quot;is_embed_video&quot;:false,&quot;thumb_width&quot;:&quot;500.00&quot;,&quot;thumb_height&quot;:&quot;375.00&quot;},{&quot;id&quot;:&quot;49&quot;,&quot;alt&quot;:&quot;Nov. 2023 Stammtisch Winterversion im Karl Schmidt&quot;,&quot;description&quot;:&quot;&quot;,&quot;filetype&quot;:&quot;JPG&quot;,&quot;filename&quot;:&quot;2023_11_14_Stammtisch&quot;,&quot;image_url&quot;:&quot;\\\/2023_11_14_Stammtisch.jpg?bwg=1707857956&quot;,&quot;thumb_url&quot;:&quot;\\\/thumb\\\/2023_11_14_Stammtisch.jpg?bwg=1707857956&quot;,&quot;redirect_url&quot;:&quot;&quot;,&quot;date&quot;:&quot;2024-02-13 20:46:07&quot;,&quot;is_embed&quot;:false,&quot;is_embed_video&quot;:false,&quot;thumb_width&quot;:&quot;500.00&quot;,&quot;thumb_height&quot;:&quot;375.00&quot;},{&quot;id&quot;:&quot;50&quot;,&quot;alt&quot;:&quot;Sept 2023 - MDW-Mitglieder beim Chisinau Marathon unterm Stefan&quot;,&quot;description&quot;:&quot;&quot;,&quot;filetype&quot;:&quot;JPG&quot;,&quot;filename&quot;:&quot;2023_09_Marathon&quot;,&quot;image_url&quot;:&quot;\\\/2023_09_Marathon.jpg?bwg=1707857956&quot;,&quot;thumb_url&quot;:&quot;\\\/thumb\\\/2023_09_Marathon.jpg?bwg=1707857956&quot;,&quot;redirect_url&quot;:&quot;&quot;,&quot;date&quot;:&quot;2024-02-13 20:46:03&quot;,&quot;is_embed&quot;:false,&quot;is_embed_video&quot;:false,&quot;thumb_width&quot;:&quot;500.00&quot;,&quot;thumb_height&quot;:&quot;375.00&quot;},{&quot;id&quot;:&quot;51&quot;,&quot;alt&quot;:&quot;Okt 2023 Mitgliederversammlung online&quot;,&quot;description&quot;:&quot;&quot;,&quot;filetype&quot;:&quot;PNG&quot;,&quot;filename&quot;:&quot;2023_10_MDW_MV_online&quot;,&quot;image_url&quot;:&quot;\\\/2023_10_MDW_MV_online.png?bwg=1707857956&quot;,&quot;thumb_url&quot;:&quot;\\\/thumb\\\/2023_10_MDW_MV_online.png?bwg=1707857956&quot;,&quot;redirect_url&quot;:&quot;&quot;,&quot;date&quot;:&quot;2024-02-13 20:46:04&quot;,&quot;is_embed&quot;:false,&quot;is_embed_video&quot;:false,&quot;thumb_width&quot;:&quot;500.00&quot;,&quot;thumb_height&quot;:&quot;300.42&quot;},{&quot;id&quot;:&quot;52&quot;,&quot;alt&quot;:&quot;September 2023 Stammtisch Sommerversion&quot;,&quot;description&quot;:&quot;&quot;,&quot;filetype&quot;:&quot;JPG&quot;,&quot;filename&quot;:&quot;2023_09_Stammtisch&quot;,&quot;image_url&quot;:&quot;\\\/2023_09_Stammtisch.jpg?bwg=1707857956&quot;,&quot;thumb_url&quot;:&quot;\\\/thumb\\\/2023_09_Stammtisch.jpg?bwg=1707857956&quot;,&quot;redirect_url&quot;:&quot;&quot;,&quot;date&quot;:&quot;2024-02-13 20:46:04&quot;,&quot;is_embed&quot;:false,&quot;is_embed_video&quot;:false,&quot;thumb_width&quot;:&quot;500.00&quot;,&quot;thumb_height&quot;:&quot;375.00&quot;},{&quot;id&quot;:&quot;53&quot;,&quot;alt&quot;:&quot;Mai 2023 Firmenbesuch bei Dr\\u00e4xlmeier&quot;,&quot;description&quot;:&quot;&quot;,&quot;filetype&quot;:&quot;JPG&quot;,&quot;filename&quot;:&quot;2023_05_Besuch-bei-Draexlmaier&quot;,&quot;image_url&quot;:&quot;\\\/2023_05_Besuch-bei-Draexlmaier.jpg?bwg=1707857956&quot;,&quot;thumb_url&quot;:&quot;\\\/thumb\\\/2023_05_Besuch-bei-Draexlmaier.jpg?bwg=1707857956&quot;,&quot;redirect_url&quot;:&quot;&quot;,&quot;date&quot;:&quot;2024-02-13 20:46:06&quot;,&quot;is_embed&quot;:false,&quot;is_embed_video&quot;:false,&quot;thumb_width&quot;:&quot;500.00&quot;,&quot;thumb_height&quot;:&quot;375.00&quot;},{&quot;id&quot;:&quot;54&quot;,&quot;alt&quot;:&quot;Juni 2022 Martin Reisser erkl\\u00e4rt Claudia Roth deutsche Unternehmungen in Moldova&quot;,&quot;description&quot;:&quot;&quot;,&quot;filetype&quot;:&quot;JPG&quot;,&quot;filename&quot;:&quot;2022_06_Besuch_ClaudiaRoth&quot;,&quot;image_url&quot;:&quot;\\\/2022_06_Besuch_ClaudiaRoth.jpg?bwg=1707857956&quot;,&quot;thumb_url&quot;:&quot;\\\/thumb\\\/2022_06_Besuch_ClaudiaRoth.jpg?bwg=1707857956&quot;,&quot;redirect_url&quot;:&quot;&quot;,&quot;date&quot;:&quot;2024-02-13 20:46:06&quot;,&quot;is_embed&quot;:false,&quot;is_embed_video&quot;:false,&quot;thumb_width&quot;:&quot;500.00&quot;,&quot;thumb_height&quot;:&quot;375.00&quot;},{&quot;id&quot;:&quot;55&quot;,&quot;alt&quot;:&quot;Dez 2023 Besuch von Peter M\\u00f6ller und Olga Sudareva (Sch\\u00f6ck-Stiftung) bei Julian Gr\\u00f6ger&quot;,&quot;description&quot;:&quot;&quot;,&quot;filetype&quot;:&quot;JPEG&quot;,&quot;filename&quot;:&quot;2023_12_Schoeck_Besuch&quot;,&quot;image_url&quot;:&quot;\\\/2023_12_Schoeck_Besuch.jpeg?bwg=1707857956&quot;,&quot;thumb_url&quot;:&quot;\\\/thumb\\\/2023_12_Schoeck_Besuch.jpeg?bwg=1707857956&quot;,&quot;redirect_url&quot;:&quot;&quot;,&quot;date&quot;:&quot;2024-02-13 20:46:07&quot;,&quot;is_embed&quot;:false,&quot;is_embed_video&quot;:false,&quot;thumb_width&quot;:&quot;500.00&quot;,&quot;thumb_height&quot;:&quot;460.00&quot;},{&quot;id&quot;:&quot;56&quot;,&quot;alt&quot;:&quot;12.12.2023 Weihnachtsfeier&quot;,&quot;description&quot;:&quot;&quot;,&quot;filetype&quot;:&quot;JPG&quot;,&quot;filename&quot;:&quot;2023_12_Weihnachtsfeier&quot;,&quot;image_url&quot;:&quot;\\\/2023_12_Weihnachtsfeier.jpg?bwg=1707857956&quot;,&quot;thumb_url&quot;:&quot;\\\/thumb\\\/2023_12_Weihnachtsfeier.jpg?bwg=1707857956&quot;,&quot;redirect_url&quot;:&quot;&quot;,&quot;date&quot;:&quot;2024-02-13 20:46:07&quot;,&quot;is_embed&quot;:false,&quot;is_embed_video&quot;:false,&quot;thumb_width&quot;:&quot;500.00&quot;,&quot;thumb_height&quot;:&quot;375.00&quot;},{&quot;id&quot;:&quot;57&quot;,&quot;alt&quot;:&quot;6.3.2023 Treffen von MDW-Mitgliedern mit Wirtschaftsminister Alaiba in der Residenz der dt. Botschafterin&quot;,&quot;description&quot;:&quot;&quot;,&quot;filetype&quot;:&quot;JPG&quot;,&quot;filename&quot;:&quot;2023_03_06_Residenz_Alaiba&quot;,&quot;image_url&quot;:&quot;\\\/2023_03_06_Residenz_Alaiba.jpg?bwg=1707857956&quot;,&quot;thumb_url&quot;:&quot;\\\/thumb\\\/2023_03_06_Residenz_Alaiba.jpg?bwg=1707857956&quot;,&quot;redirect_url&quot;:&quot;&quot;,&quot;date&quot;:&quot;2024-02-13 20:46:00&quot;,&quot;is_embed&quot;:false,&quot;is_embed_video&quot;:false,&quot;thumb_width&quot;:&quot;500.00&quot;,&quot;thumb_height&quot;:&quot;375.00&quot;},{&quot;id&quot;:&quot;58&quot;,&quot;alt&quot;:&quot;2022: Hilfe f\\u00fcr Fl\\u00fcchtlinge aus der Ukraine: Hausrenovierung in Hirtop mit Hilfe der Eberhard Sch\\u00f6ck Stiftung&quot;,&quot;description&quot;:&quot;&quot;,&quot;filetype&quot;:&quot;PNG&quot;,&quot;filename&quot;:&quot;2022_Ukr-Hilfe_Hausrenovierung&quot;,&quot;image_url&quot;:&quot;\\\/2022_Ukr-Hilfe_Hausrenovierung.png?bwg=1707857956&quot;,&quot;thumb_url&quot;:&quot;\\\/thumb\\\/2022_Ukr-Hilfe_Hausrenovierung.png?bwg=1707857956&quot;,&quot;redirect_url&quot;:&quot;&quot;,&quot;date&quot;:&quot;2024-02-13 20:46:00&quot;,&quot;is_embed&quot;:false,&quot;is_embed_video&quot;:false,&quot;thumb_width&quot;:&quot;500.00&quot;,&quot;thumb_height&quot;:&quot;231.00&quot;},{&quot;id&quot;:&quot;59&quot;,&quot;alt&quot;:&quot;28.9.2023 Franz-Anton Plitt und Dorin Recean in Berlin&quot;,&quot;description&quot;:&quot;&quot;,&quot;filetype&quot;:&quot;JPG&quot;,&quot;filename&quot;:&quot;2023-09-28-15.14.41&quot;,&quot;image_url&quot;:&quot;\\\/2023-09-28-15.14.41.jpg?bwg=1707857956&quot;,&quot;thumb_url&quot;:&quot;\\\/thumb\\\/2023-09-28-15.14.41.jpg?bwg=1707857956&quot;,&quot;redirect_url&quot;:&quot;&quot;,&quot;date&quot;:&quot;2023-11-09 17:57:30&quot;,&quot;is_embed&quot;:false,&quot;is_embed_video&quot;:false,&quot;thumb_width&quot;:&quot;375.00&quot;,&quot;thumb_height&quot;:&quot;500.00&quot;}],&quot;width_or_height&quot;:&quot;width&quot;,&quot;filmstrip_thumb_margin_hor&quot;:2,&quot;left_or_top&quot;:&quot;left&quot;,&quot;outerWidth_or_outerHeight&quot;:&quot;outerWidth&quot;,&quot;enable_slideshow_shuffle&quot;:&quot;0&quot;,&quot;lightbox_filmstrip_thumb_border_width&quot;:&quot;1&quot;,&quot;thumb_click_action&quot;:&quot;open_lightbox&quot;,&quot;thumb_link_target&quot;:&quot;1&quot;,&quot;upload_url&quot;:&quot;https:\\\/\\\/mdw-moldova.org\\\/wp-content\\\/uploads\\\/photo-gallery&quot;,&quot;preload_images&quot;:&quot;1&quot;,&quot;slideshow_effect&quot;:&quot;fade&quot;,&quot;event_stack&quot;:&quot;&quot;,&quot;preload_images_count&quot;:10,&quot;image_width&quot;:&quot;800&quot;,&quot;image_height&quot;:&quot;500&quot;,&quot;thumb_width&quot;:&quot;250&quot;,&quot;thumb_height&quot;:&quot;140&quot;,&quot;filmstrip_direction&quot;:&quot;horizontal&quot;,&quot;slideshow_filmstrip_type&quot;:1,&quot;slideshow_thumbnails_count&quot;:&quot;5&quot;,&quot;slideshow_filmstrip_width&quot;:161,&quot;slideshow_filmstrip_height&quot;:&quot;90&quot;,&quot;slideshow_filmstrip_rl_btn_size&quot;:&quot;20&quot;,&quot;slideshow_play_pause_btn_size&quot;:&quot;35&quot;,&quot;watermark_type&quot;:&quot;90&quot;,&quot;watermark_height&quot;:&quot;90&quot;,&quot;watermark_font_size&quot;:&quot;20&quot;,&quot;slideshow_title_font_size&quot;:&quot;8&quot;,&quot;slideshow_description_font_size&quot;:&quot;14&quot;,&quot;bwg_playInterval&quot;:&quot;&quot;,&quot;slideshow_interval&quot;:5,&quot;image_right_click&quot;:&quot;0&quot;,&quot;enable_slideshow_autoplay&quot;:&quot;1&quot;,&quot;enable_slideshow_music&quot;:&quot;0&quot;,&quot;bwg_current_filmstrip_pos&quot;:0}'         data-filmstrip-position=\"bottom\"         data-filmstrip-size=\"90\">      <div class=\"bwg_slide_container_0\">        <div class=\"bwg_slide_bg_0\">          <div class=\"bwg_slider_0\">                            <span class=\"bwg_slideshow_image_spun_0\" id=\"image_id_0_32\">                    <span class=\"bwg_slideshow_image_spun1_0\">                      <span class=\"bwg_slideshow_image_spun2_0\">                                                  <a  class=\"bwg-a bwg_lightbox\" href=\"https:\/\/mdw-moldova.org\/wp-content\/uploads\/photo-gallery\/WhatsApp-Bild-2024-01-17-um-22.42.02_db75a02b.jpg?bwg=1707857956\" data-image-id=\"32\" data-elementor-open-lightbox=\"no\">                          <img decoding=\"async\" id=\"bwg_slideshow_image_0\"                               class=\"skip-lazy bwg_slide bwg_slideshow_image_0\"                               src=\"https:\/\/mdw-moldova.org\/wp-content\/uploads\/photo-gallery\/WhatsApp-Bild-2024-01-17-um-22.42.02_db75a02b.jpg?bwg=1707857956\"                               data-src=\"https:\/\/mdw-moldova.org\/wp-content\/uploads\/photo-gallery\/WhatsApp-Bild-2024-01-17-um-22.42.02_db75a02b.jpg?bwg=1707857956\"                               image_id=\"32\"                               alt=\"Jan 2024 - MDW wird Mitglied beim Deutsch-Moldauischen Forum\" \/>                          <\/a>                                                <\/span>                    <\/span>                  <\/span>                <span class=\"bwg_slideshow_image_second_spun_0\">                  <\/span>                <input type=\"hidden\" id=\"bwg_current_image_key_0\" value=\"0\" \/>                          <\/div>        <\/div>      <\/div>          <\/div>          <div class=\"bwg_slideshow_image_container_0 bwg_slideshow_image_container\" data-params=\"{&quot;bwg_source&quot;:&quot;slider&quot;,&quot;bwg_current_key&quot;:&quot;&quot;,&quot;bwg_transition_duration&quot;:100,&quot;bwg_trans_in_progress&quot;:false,&quot;data&quot;:[{&quot;id&quot;:&quot;32&quot;,&quot;alt&quot;:&quot;Jan 2024 - MDW wird Mitglied beim Deutsch-Moldauischen Forum&quot;,&quot;description&quot;:&quot;&quot;,&quot;filetype&quot;:&quot;JPG&quot;,&quot;filename&quot;:&quot;WhatsApp-Bild-2024-01-17-um-22.42.02_db75a02b&quot;,&quot;image_url&quot;:&quot;\\\/WhatsApp-Bild-2024-01-17-um-22.42.02_db75a02b.jpg?bwg=1707857956&quot;,&quot;thumb_url&quot;:&quot;\\\/thumb\\\/WhatsApp-Bild-2024-01-17-um-22.42.02_db75a02b.jpg?bwg=1707857956&quot;,&quot;redirect_url&quot;:&quot;&quot;,&quot;date&quot;:&quot;2024-02-13 20:46:30&quot;,&quot;is_embed&quot;:false,&quot;is_embed_video&quot;:false,&quot;thumb_width&quot;:&quot;375.00&quot;,&quot;thumb_height&quot;:&quot;500.00&quot;},{&quot;id&quot;:&quot;33&quot;,&quot;alt&quot;:&quot;Nov 2023 - Energiebesichtigung bei Grip, hier: Dachsolaranlage&quot;,&quot;description&quot;:&quot;&quot;,&quot;filetype&quot;:&quot;JPG&quot;,&quot;filename&quot;:&quot;Viber-Bild_2023-11-03_12-52-09-668&quot;,&quot;image_url&quot;:&quot;\\\/Viber-Bild_2023-11-03_12-52-09-668.jpg?bwg=1707857956&quot;,&quot;thumb_url&quot;:&quot;\\\/thumb\\\/Viber-Bild_2023-11-03_12-52-09-668.jpg?bwg=1707857956&quot;,&quot;redirect_url&quot;:&quot;&quot;,&quot;date&quot;:&quot;2024-02-13 20:46:29&quot;,&quot;is_embed&quot;:false,&quot;is_embed_video&quot;:false,&quot;thumb_width&quot;:&quot;500.00&quot;,&quot;thumb_height&quot;:&quot;375.00&quot;},{&quot;id&quot;:&quot;34&quot;,&quot;alt&quot;:&quot;Nov 2023: Energiebesichtigung bei Grip in Golan: W\\u00e4rmed\\u00e4mmung&quot;,&quot;description&quot;:&quot;&quot;,&quot;filetype&quot;:&quot;JPG&quot;,&quot;filename&quot;:&quot;Viber-Bild_2023-11-03_12-52-09-541&quot;,&quot;image_url&quot;:&quot;\\\/Viber-Bild_2023-11-03_12-52-09-541.jpg?bwg=1707857956&quot;,&quot;thumb_url&quot;:&quot;\\\/thumb\\\/Viber-Bild_2023-11-03_12-52-09-541.jpg?bwg=1707857956&quot;,&quot;redirect_url&quot;:&quot;&quot;,&quot;date&quot;:&quot;2024-02-13 20:46:28&quot;,&quot;is_embed&quot;:false,&quot;is_embed_video&quot;:false,&quot;thumb_width&quot;:&quot;500.00&quot;,&quot;thumb_height&quot;:&quot;375.00&quot;},{&quot;id&quot;:&quot;35&quot;,&quot;alt&quot;:&quot;Febr 2024: Einweihung der Solaranlage auf einer Berufsschule in Hincesti (Sch\\u00f6ck-Stiftung)&quot;,&quot;description&quot;:&quot;&quot;,&quot;filetype&quot;:&quot;JPEG&quot;,&quot;filename&quot;:&quot;signal-2024-02-09-145916&quot;,&quot;image_url&quot;:&quot;\\\/signal-2024-02-09-145916.jpeg?bwg=1707857956&quot;,&quot;thumb_url&quot;:&quot;\\\/thumb\\\/signal-2024-02-09-145916.jpeg?bwg=1707857956&quot;,&quot;redirect_url&quot;:&quot;&quot;,&quot;date&quot;:&quot;2024-02-13 20:46:27&quot;,&quot;is_embed&quot;:false,&quot;is_embed_video&quot;:false,&quot;thumb_width&quot;:&quot;500.00&quot;,&quot;thumb_height&quot;:&quot;375.00&quot;},{&quot;id&quot;:&quot;37&quot;,&quot;alt&quot;:&quot;Okt 2023 Feier des \\u00f6sterreichischen Nationalfeiertages mit Botschafterin und Franz-Anton Plitt&quot;,&quot;description&quot;:&quot;&quot;,&quot;filetype&quot;:&quot;JPG&quot;,&quot;filename&quot;:&quot;Oesterreich_Empfang&quot;,&quot;image_url&quot;:&quot;\\\/Oesterreich_Empfang.jpg?bwg=1707857956&quot;,&quot;thumb_url&quot;:&quot;\\\/thumb\\\/Oesterreich_Empfang.jpg?bwg=1707857956&quot;,&quot;redirect_url&quot;:&quot;&quot;,&quot;date&quot;:&quot;2024-02-13 20:46:20&quot;,&quot;is_embed&quot;:false,&quot;is_embed_video&quot;:false,&quot;thumb_width&quot;:&quot;500.00&quot;,&quot;thumb_height&quot;:&quot;375.00&quot;},{&quot;id&quot;:&quot;38&quot;,&quot;alt&quot;:&quot;Nov. 2023 Diskussion im Parlament zum mold. Arbeitsmarkt mit MDW-Pr\\u00e4senz&quot;,&quot;description&quot;:&quot;&quot;,&quot;filetype&quot;:&quot;JPEG&quot;,&quot;filename&quot;:&quot;signal-2023-11-08-214334_002&quot;,&quot;image_url&quot;:&quot;\\\/signal-2023-11-08-214334_002.jpeg?bwg=1707857956&quot;,&quot;thumb_url&quot;:&quot;\\\/thumb\\\/signal-2023-11-08-214334_002.jpeg?bwg=1707857956&quot;,&quot;redirect_url&quot;:&quot;&quot;,&quot;date&quot;:&quot;2024-02-13 20:46:21&quot;,&quot;is_embed&quot;:false,&quot;is_embed_video&quot;:false,&quot;thumb_width&quot;:&quot;500.00&quot;,&quot;thumb_height&quot;:&quot;375.00&quot;},{&quot;id&quot;:&quot;39&quot;,&quot;alt&quot;:&quot;Mai 2023 Firmenbesuch in Balti bei Guido Meinelt, Dr\\u00e4xlmaier&quot;,&quot;description&quot;:&quot;&quot;,&quot;filetype&quot;:&quot;JPG&quot;,&quot;filename&quot;:&quot;IMG_E1734&quot;,&quot;image_url&quot;:&quot;\\\/IMG_E1734.jpg?bwg=1707857956&quot;,&quot;thumb_url&quot;:&quot;\\\/thumb\\\/IMG_E1734.jpg?bwg=1707857956&quot;,&quot;redirect_url&quot;:&quot;&quot;,&quot;date&quot;:&quot;2024-02-13 20:46:25&quot;,&quot;is_embed&quot;:false,&quot;is_embed_video&quot;:false,&quot;thumb_width&quot;:&quot;500.00&quot;,&quot;thumb_height&quot;:&quot;395.00&quot;},{&quot;id&quot;:&quot;40&quot;,&quot;alt&quot;:&quot;Febr. 2024 feierliche Einweihung einer Solaranlage durch die Sch\\u00f6ck-Stiftung mit Bildungsminister Perciun&quot;,&quot;description&quot;:&quot;&quot;,&quot;filetype&quot;:&quot;JPG&quot;,&quot;filename&quot;:&quot;panel&quot;,&quot;image_url&quot;:&quot;\\\/panel.jpg?bwg=1707857956&quot;,&quot;thumb_url&quot;:&quot;\\\/thumb\\\/panel.jpg?bwg=1707857956&quot;,&quot;redirect_url&quot;:&quot;&quot;,&quot;date&quot;:&quot;2024-02-13 20:46:25&quot;,&quot;is_embed&quot;:false,&quot;is_embed_video&quot;:false,&quot;thumb_width&quot;:&quot;500.00&quot;,&quot;thumb_height&quot;:&quot;333.00&quot;},{&quot;id&quot;:&quot;41&quot;,&quot;alt&quot;:&quot;Sept. 2022 Stammtischbild &quot;,&quot;description&quot;:&quot;&quot;,&quot;filetype&quot;:&quot;JPEG&quot;,&quot;filename&quot;:&quot;Stammtischbild_September2022&quot;,&quot;image_url&quot;:&quot;\\\/Stammtischbild_September2022.jpeg?bwg=1707857956&quot;,&quot;thumb_url&quot;:&quot;\\\/thumb\\\/Stammtischbild_September2022.jpeg?bwg=1707857956&quot;,&quot;redirect_url&quot;:&quot;&quot;,&quot;date&quot;:&quot;2024-02-13 20:46:26&quot;,&quot;is_embed&quot;:false,&quot;is_embed_video&quot;:false,&quot;thumb_width&quot;:&quot;500.00&quot;,&quot;thumb_height&quot;:&quot;375.00&quot;},{&quot;id&quot;:&quot;42&quot;,&quot;alt&quot;:&quot;Nov 2023 Energieberatung bei MDW-Mitglied zu Hause&quot;,&quot;description&quot;:&quot;&quot;,&quot;filetype&quot;:&quot;JPG&quot;,&quot;filename&quot;:&quot;Viber-Bild_2023-11-03_10-12-41-445&quot;,&quot;image_url&quot;:&quot;\\\/Viber-Bild_2023-11-03_10-12-41-445.jpg?bwg=1707857956&quot;,&quot;thumb_url&quot;:&quot;\\\/thumb\\\/Viber-Bild_2023-11-03_10-12-41-445.jpg?bwg=1707857956&quot;,&quot;redirect_url&quot;:&quot;&quot;,&quot;date&quot;:&quot;2024-02-13 20:46:27&quot;,&quot;is_embed&quot;:false,&quot;is_embed_video&quot;:false,&quot;thumb_width&quot;:&quot;500.00&quot;,&quot;thumb_height&quot;:&quot;375.00&quot;},{&quot;id&quot;:&quot;43&quot;,&quot;alt&quot;:&quot;Sept 2023 - Essen nach Wanderung in Hirtop&quot;,&quot;description&quot;:&quot;&quot;,&quot;filetype&quot;:&quot;JPG&quot;,&quot;filename&quot;:&quot;20230909_181448&quot;,&quot;image_url&quot;:&quot;\\\/20230909_181448.jpg?bwg=1707857956&quot;,&quot;thumb_url&quot;:&quot;\\\/thumb\\\/20230909_181448.jpg?bwg=1707857956&quot;,&quot;redirect_url&quot;:&quot;&quot;,&quot;date&quot;:&quot;2024-02-13 20:46:18&quot;,&quot;is_embed&quot;:false,&quot;is_embed_video&quot;:false,&quot;thumb_width&quot;:&quot;500.00&quot;,&quot;thumb_height&quot;:&quot;375.00&quot;},{&quot;id&quot;:&quot;44&quot;,&quot;alt&quot;:&quot;Okt 2023 Pr\\u00e4senz auf der ExpoReal in M\\u00fcnchen&quot;,&quot;description&quot;:&quot;&quot;,&quot;filetype&quot;:&quot;JPEG&quot;,&quot;filename&quot;:&quot;expo-23-rollup&quot;,&quot;image_url&quot;:&quot;\\\/expo-23-rollup.jpeg?bwg=1707857956&quot;,&quot;thumb_url&quot;:&quot;\\\/thumb\\\/expo-23-rollup.jpeg?bwg=1707857956&quot;,&quot;redirect_url&quot;:&quot;&quot;,&quot;date&quot;:&quot;2024-02-13 20:46:18&quot;,&quot;is_embed&quot;:false,&quot;is_embed_video&quot;:false,&quot;thumb_width&quot;:&quot;500.00&quot;,&quot;thumb_height&quot;:&quot;375.00&quot;},{&quot;id&quot;:&quot;45&quot;,&quot;alt&quot;:&quot;Sept 2023 Wanderziel Marienfeld erreicht&quot;,&quot;description&quot;:&quot;&quot;,&quot;filetype&quot;:&quot;JPG&quot;,&quot;filename&quot;:&quot;20230909_150925&quot;,&quot;image_url&quot;:&quot;\\\/20230909_150925.jpg?bwg=1707857956&quot;,&quot;thumb_url&quot;:&quot;\\\/thumb\\\/20230909_150925.jpg?bwg=1707857956&quot;,&quot;redirect_url&quot;:&quot;&quot;,&quot;date&quot;:&quot;2024-02-13 20:46:17&quot;,&quot;is_embed&quot;:false,&quot;is_embed_video&quot;:false,&quot;thumb_width&quot;:&quot;500.00&quot;,&quot;thumb_height&quot;:&quot;375.00&quot;},{&quot;id&quot;:&quot;46&quot;,&quot;alt&quot;:&quot;Sept 2023 Wanderung nach Marienfeld&quot;,&quot;description&quot;:&quot;&quot;,&quot;filetype&quot;:&quot;JPG&quot;,&quot;filename&quot;:&quot;20230909_163139&quot;,&quot;image_url&quot;:&quot;\\\/20230909_163139.jpg?bwg=1707857956&quot;,&quot;thumb_url&quot;:&quot;\\\/thumb\\\/20230909_163139.jpg?bwg=1707857956&quot;,&quot;redirect_url&quot;:&quot;&quot;,&quot;date&quot;:&quot;2024-02-13 20:46:17&quot;,&quot;is_embed&quot;:false,&quot;is_embed_video&quot;:false,&quot;thumb_width&quot;:&quot;500.00&quot;,&quot;thumb_height&quot;:&quot;375.00&quot;},{&quot;id&quot;:&quot;48&quot;,&quot;alt&quot;:&quot;28.9.2023 Beratungen in Berlin mit Wirtschaftsminister Alaiba&quot;,&quot;description&quot;:&quot;&quot;,&quot;filetype&quot;:&quot;JPG&quot;,&quot;filename&quot;:&quot;2023-09-28-11.05.47_(1)&quot;,&quot;image_url&quot;:&quot;\\\/2023-09-28-11.05.47_(1).jpg?bwg=1707857956&quot;,&quot;thumb_url&quot;:&quot;\\\/thumb\\\/2023-09-28-11.05.47_(1).jpg?bwg=1707857956&quot;,&quot;redirect_url&quot;:&quot;&quot;,&quot;date&quot;:&quot;2024-02-13 20:46:11&quot;,&quot;is_embed&quot;:false,&quot;is_embed_video&quot;:false,&quot;thumb_width&quot;:&quot;500.00&quot;,&quot;thumb_height&quot;:&quot;375.00&quot;},{&quot;id&quot;:&quot;49&quot;,&quot;alt&quot;:&quot;Nov. 2023 Stammtisch Winterversion im Karl Schmidt&quot;,&quot;description&quot;:&quot;&quot;,&quot;filetype&quot;:&quot;JPG&quot;,&quot;filename&quot;:&quot;2023_11_14_Stammtisch&quot;,&quot;image_url&quot;:&quot;\\\/2023_11_14_Stammtisch.jpg?bwg=1707857956&quot;,&quot;thumb_url&quot;:&quot;\\\/thumb\\\/2023_11_14_Stammtisch.jpg?bwg=1707857956&quot;,&quot;redirect_url&quot;:&quot;&quot;,&quot;date&quot;:&quot;2024-02-13 20:46:07&quot;,&quot;is_embed&quot;:false,&quot;is_embed_video&quot;:false,&quot;thumb_width&quot;:&quot;500.00&quot;,&quot;thumb_height&quot;:&quot;375.00&quot;},{&quot;id&quot;:&quot;50&quot;,&quot;alt&quot;:&quot;Sept 2023 - MDW-Mitglieder beim Chisinau Marathon unterm Stefan&quot;,&quot;description&quot;:&quot;&quot;,&quot;filetype&quot;:&quot;JPG&quot;,&quot;filename&quot;:&quot;2023_09_Marathon&quot;,&quot;image_url&quot;:&quot;\\\/2023_09_Marathon.jpg?bwg=1707857956&quot;,&quot;thumb_url&quot;:&quot;\\\/thumb\\\/2023_09_Marathon.jpg?bwg=1707857956&quot;,&quot;redirect_url&quot;:&quot;&quot;,&quot;date&quot;:&quot;2024-02-13 20:46:03&quot;,&quot;is_embed&quot;:false,&quot;is_embed_video&quot;:false,&quot;thumb_width&quot;:&quot;500.00&quot;,&quot;thumb_height&quot;:&quot;375.00&quot;},{&quot;id&quot;:&quot;51&quot;,&quot;alt&quot;:&quot;Okt 2023 Mitgliederversammlung online&quot;,&quot;description&quot;:&quot;&quot;,&quot;filetype&quot;:&quot;PNG&quot;,&quot;filename&quot;:&quot;2023_10_MDW_MV_online&quot;,&quot;image_url&quot;:&quot;\\\/2023_10_MDW_MV_online.png?bwg=1707857956&quot;,&quot;thumb_url&quot;:&quot;\\\/thumb\\\/2023_10_MDW_MV_online.png?bwg=1707857956&quot;,&quot;redirect_url&quot;:&quot;&quot;,&quot;date&quot;:&quot;2024-02-13 20:46:04&quot;,&quot;is_embed&quot;:false,&quot;is_embed_video&quot;:false,&quot;thumb_width&quot;:&quot;500.00&quot;,&quot;thumb_height&quot;:&quot;300.42&quot;},{&quot;id&quot;:&quot;52&quot;,&quot;alt&quot;:&quot;September 2023 Stammtisch Sommerversion&quot;,&quot;description&quot;:&quot;&quot;,&quot;filetype&quot;:&quot;JPG&quot;,&quot;filename&quot;:&quot;2023_09_Stammtisch&quot;,&quot;image_url&quot;:&quot;\\\/2023_09_Stammtisch.jpg?bwg=1707857956&quot;,&quot;thumb_url&quot;:&quot;\\\/thumb\\\/2023_09_Stammtisch.jpg?bwg=1707857956&quot;,&quot;redirect_url&quot;:&quot;&quot;,&quot;date&quot;:&quot;2024-02-13 20:46:04&quot;,&quot;is_embed&quot;:false,&quot;is_embed_video&quot;:false,&quot;thumb_width&quot;:&quot;500.00&quot;,&quot;thumb_height&quot;:&quot;375.00&quot;},{&quot;id&quot;:&quot;53&quot;,&quot;alt&quot;:&quot;Mai 2023 Firmenbesuch bei Dr\\u00e4xlmeier&quot;,&quot;description&quot;:&quot;&quot;,&quot;filetype&quot;:&quot;JPG&quot;,&quot;filename&quot;:&quot;2023_05_Besuch-bei-Draexlmaier&quot;,&quot;image_url&quot;:&quot;\\\/2023_05_Besuch-bei-Draexlmaier.jpg?bwg=1707857956&quot;,&quot;thumb_url&quot;:&quot;\\\/thumb\\\/2023_05_Besuch-bei-Draexlmaier.jpg?bwg=1707857956&quot;,&quot;redirect_url&quot;:&quot;&quot;,&quot;date&quot;:&quot;2024-02-13 20:46:06&quot;,&quot;is_embed&quot;:false,&quot;is_embed_video&quot;:false,&quot;thumb_width&quot;:&quot;500.00&quot;,&quot;thumb_height&quot;:&quot;375.00&quot;},{&quot;id&quot;:&quot;54&quot;,&quot;alt&quot;:&quot;Juni 2022 Martin Reisser erkl\\u00e4rt Claudia Roth deutsche Unternehmungen in Moldova&quot;,&quot;description&quot;:&quot;&quot;,&quot;filetype&quot;:&quot;JPG&quot;,&quot;filename&quot;:&quot;2022_06_Besuch_ClaudiaRoth&quot;,&quot;image_url&quot;:&quot;\\\/2022_06_Besuch_ClaudiaRoth.jpg?bwg=1707857956&quot;,&quot;thumb_url&quot;:&quot;\\\/thumb\\\/2022_06_Besuch_ClaudiaRoth.jpg?bwg=1707857956&quot;,&quot;redirect_url&quot;:&quot;&quot;,&quot;date&quot;:&quot;2024-02-13 20:46:06&quot;,&quot;is_embed&quot;:false,&quot;is_embed_video&quot;:false,&quot;thumb_width&quot;:&quot;500.00&quot;,&quot;thumb_height&quot;:&quot;375.00&quot;},{&quot;id&quot;:&quot;55&quot;,&quot;alt&quot;:&quot;Dez 2023 Besuch von Peter M\\u00f6ller und Olga Sudareva (Sch\\u00f6ck-Stiftung) bei Julian Gr\\u00f6ger&quot;,&quot;description&quot;:&quot;&quot;,&quot;filetype&quot;:&quot;JPEG&quot;,&quot;filename&quot;:&quot;2023_12_Schoeck_Besuch&quot;,&quot;image_url&quot;:&quot;\\\/2023_12_Schoeck_Besuch.jpeg?bwg=1707857956&quot;,&quot;thumb_url&quot;:&quot;\\\/thumb\\\/2023_12_Schoeck_Besuch.jpeg?bwg=1707857956&quot;,&quot;redirect_url&quot;:&quot;&quot;,&quot;date&quot;:&quot;2024-02-13 20:46:07&quot;,&quot;is_embed&quot;:false,&quot;is_embed_video&quot;:false,&quot;thumb_width&quot;:&quot;500.00&quot;,&quot;thumb_height&quot;:&quot;460.00&quot;},{&quot;id&quot;:&quot;56&quot;,&quot;alt&quot;:&quot;12.12.2023 Weihnachtsfeier&quot;,&quot;description&quot;:&quot;&quot;,&quot;filetype&quot;:&quot;JPG&quot;,&quot;filename&quot;:&quot;2023_12_Weihnachtsfeier&quot;,&quot;image_url&quot;:&quot;\\\/2023_12_Weihnachtsfeier.jpg?bwg=1707857956&quot;,&quot;thumb_url&quot;:&quot;\\\/thumb\\\/2023_12_Weihnachtsfeier.jpg?bwg=1707857956&quot;,&quot;redirect_url&quot;:&quot;&quot;,&quot;date&quot;:&quot;2024-02-13 20:46:07&quot;,&quot;is_embed&quot;:false,&quot;is_embed_video&quot;:false,&quot;thumb_width&quot;:&quot;500.00&quot;,&quot;thumb_height&quot;:&quot;375.00&quot;},{&quot;id&quot;:&quot;57&quot;,&quot;alt&quot;:&quot;6.3.2023 Treffen von MDW-Mitgliedern mit Wirtschaftsminister Alaiba in der Residenz der dt. Botschafterin&quot;,&quot;description&quot;:&quot;&quot;,&quot;filetype&quot;:&quot;JPG&quot;,&quot;filename&quot;:&quot;2023_03_06_Residenz_Alaiba&quot;,&quot;image_url&quot;:&quot;\\\/2023_03_06_Residenz_Alaiba.jpg?bwg=1707857956&quot;,&quot;thumb_url&quot;:&quot;\\\/thumb\\\/2023_03_06_Residenz_Alaiba.jpg?bwg=1707857956&quot;,&quot;redirect_url&quot;:&quot;&quot;,&quot;date&quot;:&quot;2024-02-13 20:46:00&quot;,&quot;is_embed&quot;:false,&quot;is_embed_video&quot;:false,&quot;thumb_width&quot;:&quot;500.00&quot;,&quot;thumb_height&quot;:&quot;375.00&quot;},{&quot;id&quot;:&quot;58&quot;,&quot;alt&quot;:&quot;2022: Hilfe f\\u00fcr Fl\\u00fcchtlinge aus der Ukraine: Hausrenovierung in Hirtop mit Hilfe der Eberhard Sch\\u00f6ck Stiftung&quot;,&quot;description&quot;:&quot;&quot;,&quot;filetype&quot;:&quot;PNG&quot;,&quot;filename&quot;:&quot;2022_Ukr-Hilfe_Hausrenovierung&quot;,&quot;image_url&quot;:&quot;\\\/2022_Ukr-Hilfe_Hausrenovierung.png?bwg=1707857956&quot;,&quot;thumb_url&quot;:&quot;\\\/thumb\\\/2022_Ukr-Hilfe_Hausrenovierung.png?bwg=1707857956&quot;,&quot;redirect_url&quot;:&quot;&quot;,&quot;date&quot;:&quot;2024-02-13 20:46:00&quot;,&quot;is_embed&quot;:false,&quot;is_embed_video&quot;:false,&quot;thumb_width&quot;:&quot;500.00&quot;,&quot;thumb_height&quot;:&quot;231.00&quot;},{&quot;id&quot;:&quot;59&quot;,&quot;alt&quot;:&quot;28.9.2023 Franz-Anton Plitt und Dorin Recean in Berlin&quot;,&quot;description&quot;:&quot;&quot;,&quot;filetype&quot;:&quot;JPG&quot;,&quot;filename&quot;:&quot;2023-09-28-15.14.41&quot;,&quot;image_url&quot;:&quot;\\\/2023-09-28-15.14.41.jpg?bwg=1707857956&quot;,&quot;thumb_url&quot;:&quot;\\\/thumb\\\/2023-09-28-15.14.41.jpg?bwg=1707857956&quot;,&quot;redirect_url&quot;:&quot;&quot;,&quot;date&quot;:&quot;2023-11-09 17:57:30&quot;,&quot;is_embed&quot;:false,&quot;is_embed_video&quot;:false,&quot;thumb_width&quot;:&quot;375.00&quot;,&quot;thumb_height&quot;:&quot;500.00&quot;}],&quot;width_or_height&quot;:&quot;width&quot;,&quot;filmstrip_thumb_margin_hor&quot;:2,&quot;left_or_top&quot;:&quot;left&quot;,&quot;outerWidth_or_outerHeight&quot;:&quot;outerWidth&quot;,&quot;enable_slideshow_shuffle&quot;:&quot;0&quot;,&quot;lightbox_filmstrip_thumb_border_width&quot;:&quot;1&quot;,&quot;thumb_click_action&quot;:&quot;open_lightbox&quot;,&quot;thumb_link_target&quot;:&quot;1&quot;,&quot;upload_url&quot;:&quot;https:\\\/\\\/mdw-moldova.org\\\/wp-content\\\/uploads\\\/photo-gallery&quot;,&quot;preload_images&quot;:&quot;1&quot;,&quot;slideshow_effect&quot;:&quot;fade&quot;,&quot;event_stack&quot;:&quot;&quot;,&quot;preload_images_count&quot;:10,&quot;image_width&quot;:&quot;800&quot;,&quot;image_height&quot;:&quot;500&quot;,&quot;thumb_width&quot;:&quot;250&quot;,&quot;thumb_height&quot;:&quot;140&quot;,&quot;filmstrip_direction&quot;:&quot;horizontal&quot;,&quot;slideshow_filmstrip_type&quot;:1,&quot;slideshow_thumbnails_count&quot;:&quot;5&quot;,&quot;slideshow_filmstrip_width&quot;:161,&quot;slideshow_filmstrip_height&quot;:&quot;90&quot;,&quot;slideshow_filmstrip_rl_btn_size&quot;:&quot;20&quot;,&quot;slideshow_play_pause_btn_size&quot;:&quot;35&quot;,&quot;watermark_type&quot;:&quot;90&quot;,&quot;watermark_height&quot;:&quot;90&quot;,&quot;watermark_font_size&quot;:&quot;20&quot;,&quot;slideshow_title_font_size&quot;:&quot;8&quot;,&quot;slideshow_description_font_size&quot;:&quot;14&quot;,&quot;bwg_playInterval&quot;:&quot;&quot;,&quot;slideshow_interval&quot;:5,&quot;image_right_click&quot;:&quot;0&quot;,&quot;enable_slideshow_autoplay&quot;:&quot;1&quot;,&quot;enable_slideshow_music&quot;:&quot;0&quot;,&quot;bwg_current_filmstrip_pos&quot;:0}\">        <div class=\"bwg_slideshow_watermark_container_0\">          <div>              <span class=\"bwg_slideshow_title_spun_0\">                <div class=\"bwg_slideshow_title_text_0\">                  Jan 2024 - MDW wird Mitglied beim Deutsch-Moldauischen Forum                <\/div>              <\/span>          <\/div>        <\/div>      <\/div>        <\/div>            <\/div>        <input type=\"hidden\" name=\"trp-form-language\" value=\"ro\"\/><\/form>        <style>          #bwg_container1_0 #bwg_container2_0 #spider_popup_overlay_0 {          background-color: #EEEEEE;          opacity: 0.60;          }          <\/style>        <div id=\"bwg_spider_popup_loading_0\" class=\"bwg_spider_popup_loading\"><\/div>        <div id=\"spider_popup_overlay_0\" class=\"spider_popup_overlay\" onclick=\"spider_destroypopup(1000)\"><\/div>        <input type=\"hidden\" id=\"bwg_random_seed_0\" value=\"2137548398\">                <\/div>    <\/div>    <script>      if (document.readyState === 'complete') {        if( typeof bwg_main_ready == 'function' ) {          if ( jQuery(\"#bwg_container1_0\").height() ) {            bwg_main_ready(jQuery(\"#bwg_container1_0\"));          }        }      } else {        document.addEventListener('DOMContentLoaded', function() {          if( typeof bwg_main_ready == 'function' ) {            if ( jQuery(\"#bwg_container1_0\").height() ) {             bwg_main_ready(jQuery(\"#bwg_container1_0\"));            }          }        });      }    <\/script>","protected":false},"excerpt":{"rendered":"<p>K\u00fcrzlich hatten wir das Vergn\u00fcgen, Oleg Frunze von Porsche zu besuchen, der uns einen faszinierenden Einblick in die Welt des Unternehmens gew\u00e4hrte. Neben den beeindruckenden Fahrzeugen zeigte er uns auch einige \u00fcberraschende Angebote, die viele von uns zum Staunen brachten.<\/p>","protected":false},"author":4,"featured_media":0,"comment_status":"open","ping_status":"open","sticky":false,"template":"","format":"standard","meta":{"footnotes":""},"categories":[14],"tags":[42,41],"class_list":["post-2028","post","type-post","status-publish","format-standard","hentry","category-aktivitaeten-mdw-mitglieder","tag-embedded-world","tag-it-park"],"publishpress_future_action":{"enabled":false,"date":"2026-05-08 12:11:01","action":"change-status","newStatus":"draft","terms":[],"taxonomy":"category","extraData":[]},"publishpress_future_workflow_manual_trigger":{"enabledWorkflows":[]},"_links":{"self":[{"href":"https:\/\/mdw-moldova.org\/ro\/wp-json\/wp\/v2\/posts\/2028","targetHints":{"allow":["GET"]}}],"collection":[{"href":"https:\/\/mdw-moldova.org\/ro\/wp-json\/wp\/v2\/posts"}],"about":[{"href":"https:\/\/mdw-moldova.org\/ro\/wp-json\/wp\/v2\/types\/post"}],"author":[{"embeddable":true,"href":"https:\/\/mdw-moldova.org\/ro\/wp-json\/wp\/v2\/users\/4"}],"replies":[{"embeddable":true,"href":"https:\/\/mdw-moldova.org\/ro\/wp-json\/wp\/v2\/comments?post=2028"}],"version-history":[{"count":1,"href":"https:\/\/mdw-moldova.org\/ro\/wp-json\/wp\/v2\/posts\/2028\/revisions"}],"predecessor-version":[{"id":2029,"href":"https:\/\/mdw-moldova.org\/ro\/wp-json\/wp\/v2\/posts\/2028\/revisions\/2029"}],"wp:attachment":[{"href":"https:\/\/mdw-moldova.org\/ro\/wp-json\/wp\/v2\/media?parent=2028"}],"wp:term":[{"taxonomy":"category","embeddable":true,"href":"https:\/\/mdw-moldova.org\/ro\/wp-json\/wp\/v2\/categories?post=2028"},{"taxonomy":"post_tag","embeddable":true,"href":"https:\/\/mdw-moldova.org\/ro\/wp-json\/wp\/v2\/tags?post=2028"}],"curies":[{"name":"wp","href":"https:\/\/api.w.org\/{rel}","templated":true}]}}