{"id":2183,"date":"2025-10-15T11:30:16","date_gmt":"2025-10-15T08:30:16","guid":{"rendered":"https:\/\/mdw-moldova.org\/?p=2183"},"modified":"2025-10-15T11:30:17","modified_gmt":"2025-10-15T08:30:17","slug":"nochmal-vier-jahre-pas-regierung-die-moldauerinnen-geben-dem-pro-eu-kurs-das-vertrauen-an-den-wahlurnen-28-9-25","status":"publish","type":"post","link":"https:\/\/mdw-moldova.org\/ro\/2025\/10\/nochmal-vier-jahre-pas-regierung-die-moldauerinnen-geben-dem-pro-eu-kurs-das-vertrauen-an-den-wahlurnen-28-9-25\/","title":{"rendered":"Nochmal vier Jahre PAS-Regierung. Die MoldauerInnen geben dem pro-EU-Kurs das Vertrauen an den Wahlurnen, 28.9.25"},"content":{"rendered":"<p>Mit Spannung wurde auch international die Parlamentswahl in Moldova erwartet. Nach den Wahlen im Herbst 2024 (Pr\u00e4sidentschaftswahlen und EU-Referendum), bei denen der russische Einfluss auf die Wahlen zum ersten Mal stark sp\u00fcrbar war, wusste man in Chisinau nicht, was einem dieses Mal erwartet. Die internationalen Pressen in Europa waren voll von Erleichterung f\u00fcr das klare Votum f\u00fcr eine Weiterf\u00fchrung des Pro-EU-Kurses der regierenden PAS-Partei, die von der Pr\u00e4sidentin Maia Sandu gegr\u00fcndet wurde. Erleichterung ist auch das richtige Wort, das man in Chisinau sp\u00fcrt. Die Euphorie von vor vier Jahren nach dem Erdrutschsieg der PAS 2021 hat sich in den Krisen (russischer Angriffskrieg im Nachbarland seit 2022) der letzten Jahre aufgel\u00f6st. <\/p>\n\n\n\n<p>Jetzt hoffen wir auf eine gelingenden Justizreform, die friedliche L\u00f6sung des Transnistrien-Konflikts und den schon lange ersehnten wirtschaftlichen Aufschwung in Moldova. Ein EU-Beitrag 2030 w\u00e4re dann die Kr\u00f6nung einer guten Regierungsarbeit.<\/p>\n\n\n\n<p>Die internationale Presse war wohl noch nie so interessiert an unserem Land wie in diesem Herbst 2025. Hier ein paar Infos und Hintergr\u00fcnde:<\/p>\n\n\n\n<p><a href=\"https:\/\/www.bpb.de\/kurz-knapp\/hintergrund-aktuell\/571202\/parlamentswahl-in-moldau-2025\">https:\/\/www.bpb.de\/kurz-knapp\/hintergrund-aktuell\/571202\/parlamentswahl-in-moldau-2025<\/a><\/p>","protected":false},"excerpt":{"rendered":"<p>Mit Spannung wurde auch international die Parlamentswahl in Moldova erwartet. Nach den Wahlen im Herbst 2024 (Pr\u00e4sidentschaftswahlen und EU-Referendum), bei denen der russische Einfluss auf die<span class=\"excerpt-hellip\"> [\u2026]<\/span><\/p>","protected":false},"author":4,"featured_media":2184,"comment_status":"open","ping_status":"open","sticky":false,"template":"","format":"standard","meta":{"footnotes":""},"categories":[19],"tags":[],"class_list":["post-2183","post","type-post","status-publish","format-standard","has-post-thumbnail","hentry","category-artikel-uber-moldova"],"publishpress_future_action":{"enabled":false,"date":"2026-05-08 12:10:47","action":"change-status","newStatus":"draft","terms":[],"taxonomy":"category","extraData":[]},"publishpress_future_workflow_manual_trigger":{"enabledWorkflows":[]},"_links":{"self":[{"href":"https:\/\/mdw-moldova.org\/ro\/wp-json\/wp\/v2\/posts\/2183","targetHints":{"allow":["GET"]}}],"collection":[{"href":"https:\/\/mdw-moldova.org\/ro\/wp-json\/wp\/v2\/posts"}],"about":[{"href":"https:\/\/mdw-moldova.org\/ro\/wp-json\/wp\/v2\/types\/post"}],"author":[{"embeddable":true,"href":"https:\/\/mdw-moldova.org\/ro\/wp-json\/wp\/v2\/users\/4"}],"replies":[{"embeddable":true,"href":"https:\/\/mdw-moldova.org\/ro\/wp-json\/wp\/v2\/comments?post=2183"}],"version-history":[{"count":1,"href":"https:\/\/mdw-moldova.org\/ro\/wp-json\/wp\/v2\/posts\/2183\/revisions"}],"predecessor-version":[{"id":2185,"href":"https:\/\/mdw-moldova.org\/ro\/wp-json\/wp\/v2\/posts\/2183\/revisions\/2185"}],"wp:featuredmedia":[{"embeddable":true,"href":"https:\/\/mdw-moldova.org\/ro\/wp-json\/wp\/v2\/media\/2184"}],"wp:attachment":[{"href":"https:\/\/mdw-moldova.org\/ro\/wp-json\/wp\/v2\/media?parent=2183"}],"wp:term":[{"taxonomy":"category","embeddable":true,"href":"https:\/\/mdw-moldova.org\/ro\/wp-json\/wp\/v2\/categories?post=2183"},{"taxonomy":"post_tag","embeddable":true,"href":"https:\/\/mdw-moldova.org\/ro\/wp-json\/wp\/v2\/tags?post=2183"}],"curies":[{"name":"wp","href":"https:\/\/api.w.org\/{rel}","templated":true}]}}